{"id":914,"date":"2024-06-08T23:18:00","date_gmt":"2024-06-08T21:18:00","guid":{"rendered":"https:\/\/parafia.starachowice.pl\/?p=914"},"modified":"2024-06-09T03:23:58","modified_gmt":"2024-06-09T01:23:58","slug":"pielgrzymka-na-sw-krzyz","status":"publish","type":"post","link":"https:\/\/parafia.starachowice.pl\/index.php\/2024\/06\/08\/pielgrzymka-na-sw-krzyz\/","title":{"rendered":"Pielgrzymka na \u015aw. Krzy\u017c."},"content":{"rendered":"\n<p>W sobot\u0119 8 czerwca we wspomnienie Niepokalanego Serca NMP z naszej parafii wyruszy\u0142a piesza pielgrzymka na \u015aw. Krzy\u017c. Dzi\u0119kujemy Rycerzom Kolumba za organizacj\u0119 pielgrzymki i jej koordynowanie, a Wszystkim pielgrzymom za trud pielgrzymowania. W tym roku wyj\u0105tkowo du\u017co by\u0142o m\u0142odzie\u017cy. Szcz\u0119\u015b\u0107 Bo\u017ce!<\/p>\n\n\n\n<figure class=\"wp-block-gallery has-nested-images columns-default is-cropped wp-block-gallery-1 is-layout-flex wp-block-gallery-is-layout-flex\">\n<figure class=\"wp-block-image size-large\"><img loading=\"lazy\" decoding=\"async\" width=\"1024\" height=\"768\" data-id=\"915\" src=\"https:\/\/parafia.starachowice.pl\/wp-content\/uploads\/2024\/06\/20240608_154342-1024x768.jpg\" alt=\"\" class=\"wp-image-915\" srcset=\"https:\/\/parafia.starachowice.pl\/wp-content\/uploads\/2024\/06\/20240608_154342-980x735.jpg 980w, https:\/\/parafia.starachowice.pl\/wp-content\/uploads\/2024\/06\/20240608_154342-480x360.jpg 480w\" sizes=\"auto, (min-width: 0px) and (max-width: 480px) 480px, (min-width: 481px) and (max-width: 980px) 980px, (min-width: 981px) 1024px, 100vw\" \/><\/figure>\n<\/figure>\n\n\n\n<figure class=\"wp-block-gallery has-nested-images columns-default is-cropped wp-block-gallery-2 is-layout-flex wp-block-gallery-is-layout-flex\">\n<figure class=\"wp-block-image size-large\"><img loading=\"lazy\" decoding=\"async\" width=\"768\" height=\"1024\" data-id=\"920\" src=\"https:\/\/parafia.starachowice.pl\/wp-content\/uploads\/2024\/06\/20240608_154622-768x1024.jpg\" alt=\"\" class=\"wp-image-920\"\/><\/figure>\n\n\n\n<figure class=\"wp-block-image size-large\"><img loading=\"lazy\" decoding=\"async\" width=\"768\" height=\"1024\" data-id=\"919\" src=\"https:\/\/parafia.starachowice.pl\/wp-content\/uploads\/2024\/06\/20240608_151541-768x1024.jpg\" alt=\"\" class=\"wp-image-919\"\/><\/figure>\n<\/figure>\n","protected":false},"excerpt":{"rendered":"<p>W sobot\u0119 8 czerwca we wspomnienie Niepokalanego Serca NMP z naszej parafii wyruszy\u0142a piesza pielgrzymka na \u015aw. Krzy\u017c. Dzi\u0119kujemy Rycerzom Kolumba za organizacj\u0119 pielgrzymki i jej koordynowanie, a Wszystkim pielgrzymom za trud pielgrzymowania. W tym roku wyj\u0105tkowo du\u017co by\u0142o m\u0142odzie\u017cy. Szcz\u0119\u015b\u0107 Bo\u017ce!<\/p>\n","protected":false},"author":2,"featured_media":918,"comment_status":"closed","ping_status":"closed","sticky":false,"template":"","format":"standard","meta":{"_et_pb_use_builder":"off","_et_pb_old_content":"","_et_gb_content_width":"","footnotes":""},"categories":[1],"tags":[],"class_list":["post-914","post","type-post","status-publish","format-standard","has-post-thumbnail","hentry","category-bez-kategorii"],"_links":{"self":[{"href":"https:\/\/parafia.starachowice.pl\/index.php\/wp-json\/wp\/v2\/posts\/914","targetHints":{"allow":["GET"]}}],"collection":[{"href":"https:\/\/parafia.starachowice.pl\/index.php\/wp-json\/wp\/v2\/posts"}],"about":[{"href":"https:\/\/parafia.starachowice.pl\/index.php\/wp-json\/wp\/v2\/types\/post"}],"author":[{"embeddable":true,"href":"https:\/\/parafia.starachowice.pl\/index.php\/wp-json\/wp\/v2\/users\/2"}],"replies":[{"embeddable":true,"href":"https:\/\/parafia.starachowice.pl\/index.php\/wp-json\/wp\/v2\/comments?post=914"}],"version-history":[{"count":2,"href":"https:\/\/parafia.starachowice.pl\/index.php\/wp-json\/wp\/v2\/posts\/914\/revisions"}],"predecessor-version":[{"id":921,"href":"https:\/\/parafia.starachowice.pl\/index.php\/wp-json\/wp\/v2\/posts\/914\/revisions\/921"}],"wp:featuredmedia":[{"embeddable":true,"href":"https:\/\/parafia.starachowice.pl\/index.php\/wp-json\/wp\/v2\/media\/918"}],"wp:attachment":[{"href":"https:\/\/parafia.starachowice.pl\/index.php\/wp-json\/wp\/v2\/media?parent=914"}],"wp:term":[{"taxonomy":"category","embeddable":true,"href":"https:\/\/parafia.starachowice.pl\/index.php\/wp-json\/wp\/v2\/categories?post=914"},{"taxonomy":"post_tag","embeddable":true,"href":"https:\/\/parafia.starachowice.pl\/index.php\/wp-json\/wp\/v2\/tags?post=914"}],"curies":[{"name":"wp","href":"https:\/\/api.w.org\/{rel}","templated":true}]}}