{"id":717,"date":"2023-12-08T21:16:58","date_gmt":"2023-12-08T20:16:58","guid":{"rendered":"https:\/\/parafia.starachowice.pl\/?p=717"},"modified":"2023-12-08T21:16:59","modified_gmt":"2023-12-08T20:16:59","slug":"rekolekcje-adwentowe","status":"publish","type":"post","link":"https:\/\/parafia.starachowice.pl\/index.php\/2023\/12\/08\/rekolekcje-adwentowe\/","title":{"rendered":"Rekolekcje Adwentowe"},"content":{"rendered":"\n<p><\/p>\n\n\n\n<p>15 grudnia 2023 r. pi\u0105tek<\/p>\n\n\n\n<p>6.15 Msza \u015bw. roratnia z nauk\u0105 rekolekcyjn\u0105<\/p>\n\n\n\n<p>18.00 Msza \u015bw. z nauk\u0105 rekolekcyjn\u0105<\/p>\n\n\n\n<p>Spowied\u017a<\/p>\n\n\n\n<p>9.30 \u2013 11.30<\/p>\n\n\n\n<p>\u00a0\u00a0\u00a0\u00a0\u00a0\u00a0\u00a0\u00a0\u00a0\u00a0\u00a0\u00a0\u00a0\u00a0\u00a0\u00a0\u00a0\u00a0\u00a0\u00a0\u00a0\u00a0\u00a0\u00a0\u00a0\u00a0\u00a0\u00a0\u00a0\u00a0\u00a0\u00a0\u00a0\u00a0\u00a0 \u00a0\u00a0\u00a0\u00a0\u00a0\u00a0\u00a0\u00a0\u00a015.30-17.30<\/p>\n\n\n\n<p><\/p>\n\n\n\n<p>16 grudnia 2023 r. sobota<\/p>\n\n\n\n<p>6.15 Msza \u015bw. roratnia &nbsp;&nbsp;z nauk\u0105 rekolekcyjn\u0105<\/p>\n\n\n\n<p>18.00 Msza \u015bw. z nauk\u0105 rekolekcyjna<\/p>\n\n\n\n<p>( liturgia niedzielna)<\/p>\n\n\n\n<p><\/p>\n\n\n\n<p>17 grudnia 2023 r. III Niedziela Adwentu Gaudete<\/p>\n\n\n\n<p>Msze \u015bw. z naukami rekolekcyjnymi<\/p>\n\n\n\n<p>8.00<\/p>\n\n\n\n<p>10.00<\/p>\n\n\n\n<p>11.15<\/p>\n\n\n\n<p>12.30<\/p>\n\n\n\n<p>18.00<\/p>\n","protected":false},"excerpt":{"rendered":"<p>15 grudnia 2023 r. pi\u0105tek 6.15 Msza \u015bw. roratnia z nauk\u0105 rekolekcyjn\u0105 18.00 Msza \u015bw. z nauk\u0105 rekolekcyjn\u0105 Spowied\u017a 9.30 \u2013 11.30 \u00a0\u00a0\u00a0\u00a0\u00a0\u00a0\u00a0\u00a0\u00a0\u00a0\u00a0\u00a0\u00a0\u00a0\u00a0\u00a0\u00a0\u00a0\u00a0\u00a0\u00a0\u00a0\u00a0\u00a0\u00a0\u00a0\u00a0\u00a0\u00a0\u00a0\u00a0\u00a0\u00a0\u00a0\u00a0 \u00a0\u00a0\u00a0\u00a0\u00a0\u00a0\u00a0\u00a0\u00a015.30-17.30 16 grudnia 2023 r. sobota 6.15 Msza \u015bw. roratnia &nbsp;&nbsp;z nauk\u0105 rekolekcyjn\u0105 18.00 Msza \u015bw. z nauk\u0105 rekolekcyjna ( liturgia niedzielna) 17 grudnia 2023 r. III Niedziela Adwentu Gaudete Msze \u015bw. [&hellip;]<\/p>\n","protected":false},"author":2,"featured_media":0,"comment_status":"closed","ping_status":"closed","sticky":false,"template":"","format":"standard","meta":{"_et_pb_use_builder":"off","_et_pb_old_content":"","_et_gb_content_width":"","footnotes":""},"categories":[1],"tags":[],"class_list":["post-717","post","type-post","status-publish","format-standard","hentry","category-bez-kategorii"],"_links":{"self":[{"href":"https:\/\/parafia.starachowice.pl\/index.php\/wp-json\/wp\/v2\/posts\/717","targetHints":{"allow":["GET"]}}],"collection":[{"href":"https:\/\/parafia.starachowice.pl\/index.php\/wp-json\/wp\/v2\/posts"}],"about":[{"href":"https:\/\/parafia.starachowice.pl\/index.php\/wp-json\/wp\/v2\/types\/post"}],"author":[{"embeddable":true,"href":"https:\/\/parafia.starachowice.pl\/index.php\/wp-json\/wp\/v2\/users\/2"}],"replies":[{"embeddable":true,"href":"https:\/\/parafia.starachowice.pl\/index.php\/wp-json\/wp\/v2\/comments?post=717"}],"version-history":[{"count":1,"href":"https:\/\/parafia.starachowice.pl\/index.php\/wp-json\/wp\/v2\/posts\/717\/revisions"}],"predecessor-version":[{"id":718,"href":"https:\/\/parafia.starachowice.pl\/index.php\/wp-json\/wp\/v2\/posts\/717\/revisions\/718"}],"wp:attachment":[{"href":"https:\/\/parafia.starachowice.pl\/index.php\/wp-json\/wp\/v2\/media?parent=717"}],"wp:term":[{"taxonomy":"category","embeddable":true,"href":"https:\/\/parafia.starachowice.pl\/index.php\/wp-json\/wp\/v2\/categories?post=717"},{"taxonomy":"post_tag","embeddable":true,"href":"https:\/\/parafia.starachowice.pl\/index.php\/wp-json\/wp\/v2\/tags?post=717"}],"curies":[{"name":"wp","href":"https:\/\/api.w.org\/{rel}","templated":true}]}}