{"id":679,"date":"2023-10-28T12:13:54","date_gmt":"2023-10-28T10:13:54","guid":{"rendered":"https:\/\/parafia.starachowice.pl\/?p=679"},"modified":"2023-10-28T12:13:54","modified_gmt":"2023-10-28T10:13:54","slug":"31-pazdziernika-g-20-00-adoracja-ns-w-wigilie-wsz-sw","status":"publish","type":"post","link":"https:\/\/parafia.starachowice.pl\/index.php\/2023\/10\/28\/31-pazdziernika-g-20-00-adoracja-ns-w-wigilie-wsz-sw\/","title":{"rendered":"31 pa\u017adziernika g. 20.00 &#8211; adoracja NS w Wigili\u0119 Wsz. \u015aw."},"content":{"rendered":"\n<figure class=\"wp-block-gallery has-nested-images columns-default is-cropped wp-block-gallery-1 is-layout-flex wp-block-gallery-is-layout-flex\">\n<figure class=\"wp-block-image size-large\"><img loading=\"lazy\" decoding=\"async\" width=\"1024\" height=\"576\" data-id=\"680\" src=\"https:\/\/parafia.starachowice.pl\/wp-content\/uploads\/2023\/10\/1.11.23-1024x576.jpg\" alt=\"\" class=\"wp-image-680\" srcset=\"https:\/\/parafia.starachowice.pl\/wp-content\/uploads\/2023\/10\/1.11.23-1024x576.jpg 1024w, https:\/\/parafia.starachowice.pl\/wp-content\/uploads\/2023\/10\/1.11.23-980x551.jpg 980w, https:\/\/parafia.starachowice.pl\/wp-content\/uploads\/2023\/10\/1.11.23-480x270.jpg 480w\" sizes=\"auto, (min-width: 0px) and (max-width: 480px) 480px, (min-width: 481px) and (max-width: 980px) 980px, (min-width: 981px) 1024px, 100vw\" \/><\/figure>\n<\/figure>\n","protected":false},"excerpt":{"rendered":"","protected":false},"author":2,"featured_media":680,"comment_status":"closed","ping_status":"closed","sticky":false,"template":"","format":"standard","meta":{"_et_pb_use_builder":"off","_et_pb_old_content":"","_et_gb_content_width":"","footnotes":""},"categories":[1],"tags":[],"class_list":["post-679","post","type-post","status-publish","format-standard","has-post-thumbnail","hentry","category-bez-kategorii"],"_links":{"self":[{"href":"https:\/\/parafia.starachowice.pl\/index.php\/wp-json\/wp\/v2\/posts\/679","targetHints":{"allow":["GET"]}}],"collection":[{"href":"https:\/\/parafia.starachowice.pl\/index.php\/wp-json\/wp\/v2\/posts"}],"about":[{"href":"https:\/\/parafia.starachowice.pl\/index.php\/wp-json\/wp\/v2\/types\/post"}],"author":[{"embeddable":true,"href":"https:\/\/parafia.starachowice.pl\/index.php\/wp-json\/wp\/v2\/users\/2"}],"replies":[{"embeddable":true,"href":"https:\/\/parafia.starachowice.pl\/index.php\/wp-json\/wp\/v2\/comments?post=679"}],"version-history":[{"count":1,"href":"https:\/\/parafia.starachowice.pl\/index.php\/wp-json\/wp\/v2\/posts\/679\/revisions"}],"predecessor-version":[{"id":681,"href":"https:\/\/parafia.starachowice.pl\/index.php\/wp-json\/wp\/v2\/posts\/679\/revisions\/681"}],"wp:featuredmedia":[{"embeddable":true,"href":"https:\/\/parafia.starachowice.pl\/index.php\/wp-json\/wp\/v2\/media\/680"}],"wp:attachment":[{"href":"https:\/\/parafia.starachowice.pl\/index.php\/wp-json\/wp\/v2\/media?parent=679"}],"wp:term":[{"taxonomy":"category","embeddable":true,"href":"https:\/\/parafia.starachowice.pl\/index.php\/wp-json\/wp\/v2\/categories?post=679"},{"taxonomy":"post_tag","embeddable":true,"href":"https:\/\/parafia.starachowice.pl\/index.php\/wp-json\/wp\/v2\/tags?post=679"}],"curies":[{"name":"wp","href":"https:\/\/api.w.org\/{rel}","templated":true}]}}