{"id":655,"date":"2023-09-30T15:39:54","date_gmt":"2023-09-30T13:39:54","guid":{"rendered":"https:\/\/parafia.starachowice.pl\/?p=655"},"modified":"2023-09-30T15:39:55","modified_gmt":"2023-09-30T13:39:55","slug":"nasi-ministranci-otrzymali-posluge-lektora-z-rak-biskupa-marka-solarczyka","status":"publish","type":"post","link":"https:\/\/parafia.starachowice.pl\/index.php\/2023\/09\/30\/nasi-ministranci-otrzymali-posluge-lektora-z-rak-biskupa-marka-solarczyka\/","title":{"rendered":"Nasi ministranci otrzymali pos\u0142ug\u0119 lektora z r\u0105k Biskupa Marka Solarczyka"},"content":{"rendered":"\n<figure class=\"wp-block-gallery has-nested-images columns-default is-cropped wp-block-gallery-1 is-layout-flex wp-block-gallery-is-layout-flex\">\n<figure class=\"wp-block-image size-large\"><img loading=\"lazy\" decoding=\"async\" width=\"1024\" height=\"768\" data-id=\"657\" src=\"https:\/\/parafia.starachowice.pl\/wp-content\/uploads\/2023\/09\/katedra1-1024x768.jpg\" alt=\"\" class=\"wp-image-657\" srcset=\"https:\/\/parafia.starachowice.pl\/wp-content\/uploads\/2023\/09\/katedra1-980x735.jpg 980w, https:\/\/parafia.starachowice.pl\/wp-content\/uploads\/2023\/09\/katedra1-480x360.jpg 480w\" sizes=\"auto, (min-width: 0px) and (max-width: 480px) 480px, (min-width: 481px) and (max-width: 980px) 980px, (min-width: 981px) 1024px, 100vw\" \/><\/figure>\n<\/figure>\n\n\n\n<p>W sobot\u0119 30 wrze\u015bnia we wspomnienie \u015bw. Hieronima nasi ministranci &#8211; Jakub Kasperkiewicz, Hubert Skwarli\u0144ski  i Marcin Zaczy\u0144ski otrzymali w Katedrze Radomskiej pos\u0142ug\u0119 lektora. Dzi\u0119kujemy naszym ministrantom za zaanga\u017cowanie i serdecznie im gratulujemy.<\/p>\n","protected":false},"excerpt":{"rendered":"<p>W sobot\u0119 30 wrze\u015bnia we wspomnienie \u015bw. Hieronima nasi ministranci &#8211; Jakub Kasperkiewicz, Hubert Skwarli\u0144ski i Marcin Zaczy\u0144ski otrzymali w Katedrze Radomskiej pos\u0142ug\u0119 lektora. Dzi\u0119kujemy naszym ministrantom za zaanga\u017cowanie i serdecznie im gratulujemy.<\/p>\n","protected":false},"author":2,"featured_media":656,"comment_status":"closed","ping_status":"closed","sticky":false,"template":"","format":"standard","meta":{"_et_pb_use_builder":"off","_et_pb_old_content":"","_et_gb_content_width":"","footnotes":""},"categories":[1],"tags":[],"class_list":["post-655","post","type-post","status-publish","format-standard","has-post-thumbnail","hentry","category-bez-kategorii"],"_links":{"self":[{"href":"https:\/\/parafia.starachowice.pl\/index.php\/wp-json\/wp\/v2\/posts\/655","targetHints":{"allow":["GET"]}}],"collection":[{"href":"https:\/\/parafia.starachowice.pl\/index.php\/wp-json\/wp\/v2\/posts"}],"about":[{"href":"https:\/\/parafia.starachowice.pl\/index.php\/wp-json\/wp\/v2\/types\/post"}],"author":[{"embeddable":true,"href":"https:\/\/parafia.starachowice.pl\/index.php\/wp-json\/wp\/v2\/users\/2"}],"replies":[{"embeddable":true,"href":"https:\/\/parafia.starachowice.pl\/index.php\/wp-json\/wp\/v2\/comments?post=655"}],"version-history":[{"count":1,"href":"https:\/\/parafia.starachowice.pl\/index.php\/wp-json\/wp\/v2\/posts\/655\/revisions"}],"predecessor-version":[{"id":658,"href":"https:\/\/parafia.starachowice.pl\/index.php\/wp-json\/wp\/v2\/posts\/655\/revisions\/658"}],"wp:featuredmedia":[{"embeddable":true,"href":"https:\/\/parafia.starachowice.pl\/index.php\/wp-json\/wp\/v2\/media\/656"}],"wp:attachment":[{"href":"https:\/\/parafia.starachowice.pl\/index.php\/wp-json\/wp\/v2\/media?parent=655"}],"wp:term":[{"taxonomy":"category","embeddable":true,"href":"https:\/\/parafia.starachowice.pl\/index.php\/wp-json\/wp\/v2\/categories?post=655"},{"taxonomy":"post_tag","embeddable":true,"href":"https:\/\/parafia.starachowice.pl\/index.php\/wp-json\/wp\/v2\/tags?post=655"}],"curies":[{"name":"wp","href":"https:\/\/api.w.org\/{rel}","templated":true}]}}