{"id":550,"date":"2023-06-03T23:44:53","date_gmt":"2023-06-03T21:44:53","guid":{"rendered":"https:\/\/parafia.starachowice.pl\/?p=550"},"modified":"2023-06-03T23:44:54","modified_gmt":"2023-06-03T21:44:54","slug":"piesza-pielgrzymka-na-swiety-krzyz","status":"publish","type":"post","link":"https:\/\/parafia.starachowice.pl\/index.php\/2023\/06\/03\/piesza-pielgrzymka-na-swiety-krzyz\/","title":{"rendered":"Piesza pielgrzymka na \u015awi\u0119ty Krzy\u017c"},"content":{"rendered":"\n<p>W sobot\u0119 3 czerwca z naszej parafii wyruszy\u0142a piesza pielgrzymka na \u015awi\u0119ty Krzy\u017c. Wierni wraz z ksi\u0119dzem Marcinem i ksi\u0119dzem Filipem w\u0119drowali do Bazyliki Relikwi Drzewa Krzy\u017ca \u015awi\u0119tego. To czas pokuty ale tak\u017ce modlitwy i dzi\u0119kczynienia.<br>Jeste\u015bmy wdzi\u0119czni Rycerzom Kolumba za organizacj\u0119 i wk\u0142ad w przygotowanie pielgrzymiego szlaku. Dzi\u0119kujemy parafialnej scholi za poprowadzenie \u015bpiewu i wsp\u00f3ln\u0105 modlitw\u0119. Wszystkim za wszystko sk\u0142adamy B\u00f3g zap\u0142a\u0107!<\/p>\n","protected":false},"excerpt":{"rendered":"<p>W sobot\u0119 3 czerwca z naszej parafii wyruszy\u0142a piesza pielgrzymka na \u015awi\u0119ty Krzy\u017c. Wierni wraz z ksi\u0119dzem Marcinem i ksi\u0119dzem Filipem w\u0119drowali do Bazyliki Relikwi Drzewa Krzy\u017ca \u015awi\u0119tego. To czas pokuty ale tak\u017ce modlitwy i dzi\u0119kczynienia.Jeste\u015bmy wdzi\u0119czni Rycerzom Kolumba za organizacj\u0119 i wk\u0142ad w przygotowanie pielgrzymiego szlaku. Dzi\u0119kujemy parafialnej scholi za poprowadzenie \u015bpiewu i wsp\u00f3ln\u0105 [&hellip;]<\/p>\n","protected":false},"author":2,"featured_media":552,"comment_status":"closed","ping_status":"closed","sticky":false,"template":"","format":"standard","meta":{"_et_pb_use_builder":"off","_et_pb_old_content":"","_et_gb_content_width":"","footnotes":""},"categories":[1],"tags":[],"class_list":["post-550","post","type-post","status-publish","format-standard","has-post-thumbnail","hentry","category-bez-kategorii"],"_links":{"self":[{"href":"https:\/\/parafia.starachowice.pl\/index.php\/wp-json\/wp\/v2\/posts\/550","targetHints":{"allow":["GET"]}}],"collection":[{"href":"https:\/\/parafia.starachowice.pl\/index.php\/wp-json\/wp\/v2\/posts"}],"about":[{"href":"https:\/\/parafia.starachowice.pl\/index.php\/wp-json\/wp\/v2\/types\/post"}],"author":[{"embeddable":true,"href":"https:\/\/parafia.starachowice.pl\/index.php\/wp-json\/wp\/v2\/users\/2"}],"replies":[{"embeddable":true,"href":"https:\/\/parafia.starachowice.pl\/index.php\/wp-json\/wp\/v2\/comments?post=550"}],"version-history":[{"count":2,"href":"https:\/\/parafia.starachowice.pl\/index.php\/wp-json\/wp\/v2\/posts\/550\/revisions"}],"predecessor-version":[{"id":553,"href":"https:\/\/parafia.starachowice.pl\/index.php\/wp-json\/wp\/v2\/posts\/550\/revisions\/553"}],"wp:featuredmedia":[{"embeddable":true,"href":"https:\/\/parafia.starachowice.pl\/index.php\/wp-json\/wp\/v2\/media\/552"}],"wp:attachment":[{"href":"https:\/\/parafia.starachowice.pl\/index.php\/wp-json\/wp\/v2\/media?parent=550"}],"wp:term":[{"taxonomy":"category","embeddable":true,"href":"https:\/\/parafia.starachowice.pl\/index.php\/wp-json\/wp\/v2\/categories?post=550"},{"taxonomy":"post_tag","embeddable":true,"href":"https:\/\/parafia.starachowice.pl\/index.php\/wp-json\/wp\/v2\/tags?post=550"}],"curies":[{"name":"wp","href":"https:\/\/api.w.org\/{rel}","templated":true}]}}