{"id":482,"date":"2023-04-16T21:58:12","date_gmt":"2023-04-16T19:58:12","guid":{"rendered":"https:\/\/parafia.starachowice.pl\/?p=482"},"modified":"2023-04-19T22:00:29","modified_gmt":"2023-04-19T20:00:29","slug":"wigilia-paschalna","status":"publish","type":"post","link":"https:\/\/parafia.starachowice.pl\/index.php\/2023\/04\/16\/wigilia-paschalna\/","title":{"rendered":"Wigilia Paschalna"},"content":{"rendered":"\n<p>O godz. 21.00 rozpocz\u0119\u0142a si\u0119 Wigilia Paschalna. Liturgia sk\u0142ada si\u0119 z po\u015bwi\u0119cenia ognia, pascha\u0142u oraz wody chrzcielnej. \u015apiewany jest tak\u017ce uroczysty Exultet; rado\u015b\u0107 og\u0142asza Alleluja i bij\u0105ce dzwony, za\u015b zwie\u0144czeniem Liturgii by\u0142a procesja rezurekcyjna. Niech Zmartwychwsta\u0142y Pan wszystkim b\u0142ogos\u0142awi!<\/p>\n","protected":false},"excerpt":{"rendered":"<p>O godz. 21.00 rozpocz\u0119\u0142a si\u0119 Wigilia Paschalna. Liturgia sk\u0142ada si\u0119 z po\u015bwi\u0119cenia ognia, pascha\u0142u oraz wody chrzcielnej. \u015apiewany jest tak\u017ce uroczysty Exultet; rado\u015b\u0107 og\u0142asza Alleluja i bij\u0105ce dzwony, za\u015b zwie\u0144czeniem Liturgii by\u0142a procesja rezurekcyjna. Niech Zmartwychwsta\u0142y Pan wszystkim b\u0142ogos\u0142awi!<\/p>\n","protected":false},"author":2,"featured_media":484,"comment_status":"closed","ping_status":"closed","sticky":false,"template":"","format":"standard","meta":{"_et_pb_use_builder":"off","_et_pb_old_content":"","_et_gb_content_width":"","footnotes":""},"categories":[1],"tags":[],"class_list":["post-482","post","type-post","status-publish","format-standard","has-post-thumbnail","hentry","category-bez-kategorii"],"_links":{"self":[{"href":"https:\/\/parafia.starachowice.pl\/index.php\/wp-json\/wp\/v2\/posts\/482","targetHints":{"allow":["GET"]}}],"collection":[{"href":"https:\/\/parafia.starachowice.pl\/index.php\/wp-json\/wp\/v2\/posts"}],"about":[{"href":"https:\/\/parafia.starachowice.pl\/index.php\/wp-json\/wp\/v2\/types\/post"}],"author":[{"embeddable":true,"href":"https:\/\/parafia.starachowice.pl\/index.php\/wp-json\/wp\/v2\/users\/2"}],"replies":[{"embeddable":true,"href":"https:\/\/parafia.starachowice.pl\/index.php\/wp-json\/wp\/v2\/comments?post=482"}],"version-history":[{"count":2,"href":"https:\/\/parafia.starachowice.pl\/index.php\/wp-json\/wp\/v2\/posts\/482\/revisions"}],"predecessor-version":[{"id":485,"href":"https:\/\/parafia.starachowice.pl\/index.php\/wp-json\/wp\/v2\/posts\/482\/revisions\/485"}],"wp:featuredmedia":[{"embeddable":true,"href":"https:\/\/parafia.starachowice.pl\/index.php\/wp-json\/wp\/v2\/media\/484"}],"wp:attachment":[{"href":"https:\/\/parafia.starachowice.pl\/index.php\/wp-json\/wp\/v2\/media?parent=482"}],"wp:term":[{"taxonomy":"category","embeddable":true,"href":"https:\/\/parafia.starachowice.pl\/index.php\/wp-json\/wp\/v2\/categories?post=482"},{"taxonomy":"post_tag","embeddable":true,"href":"https:\/\/parafia.starachowice.pl\/index.php\/wp-json\/wp\/v2\/tags?post=482"}],"curies":[{"name":"wp","href":"https:\/\/api.w.org\/{rel}","templated":true}]}}