{"id":433,"date":"2023-04-08T07:21:36","date_gmt":"2023-04-08T05:21:36","guid":{"rendered":"https:\/\/parafia.starachowice.pl\/?p=433"},"modified":"2023-04-08T07:21:37","modified_gmt":"2023-04-08T05:21:37","slug":"triduum-paschalne-wielki-czwartek","status":"publish","type":"post","link":"https:\/\/parafia.starachowice.pl\/index.php\/2023\/04\/08\/triduum-paschalne-wielki-czwartek\/","title":{"rendered":"Triduum Paschalne &#8211; Wielki Czwartek"},"content":{"rendered":"\n<p>Od Mszy \u015awi\u0119tej Wieczerzy Pa\u0144skiej Ko\u015bci\u00f3\u0142 rozpoczyna \u015awi\u0119te Triduum Paschalne. Wielki Czwartek to dzie\u0144 ustanowienia sakramentu Eucharystii i kap\u0142a\u0144stwa. Jezusowi Chrystusowi dzi\u0119kujemy za to, \u017ce pozosta\u0142 z nami realnie obecny w sakramentach, a przede wszystkim w Eucharystii. Mszy \u015bwi\u0119tej na rozpocz\u0119cie Triduum Paschalnego przewodniczy\u0142 Ksi\u0105dz Infu\u0142at. W trakcie tej Mszy by\u0142 obrz\u0119d mandatum &#8211; umycia n\u00f3g. Jak Jezus my\u0142 uczniom nogi, tak i my powinni\u015bmy si\u0119 wzajemnie mi\u0142owa\u0107.<\/p>\n","protected":false},"excerpt":{"rendered":"<p>Od Mszy \u015awi\u0119tej Wieczerzy Pa\u0144skiej Ko\u015bci\u00f3\u0142 rozpoczyna \u015awi\u0119te Triduum Paschalne. Wielki Czwartek to dzie\u0144 ustanowienia sakramentu Eucharystii i kap\u0142a\u0144stwa. Jezusowi Chrystusowi dzi\u0119kujemy za to, \u017ce pozosta\u0142 z nami realnie obecny w sakramentach, a przede wszystkim w Eucharystii. Mszy \u015bwi\u0119tej na rozpocz\u0119cie Triduum Paschalnego przewodniczy\u0142 Ksi\u0105dz Infu\u0142at. W trakcie tej Mszy by\u0142 obrz\u0119d mandatum &#8211; umycia [&hellip;]<\/p>\n","protected":false},"author":2,"featured_media":443,"comment_status":"closed","ping_status":"closed","sticky":false,"template":"","format":"standard","meta":{"_et_pb_use_builder":"off","_et_pb_old_content":"","_et_gb_content_width":"","footnotes":""},"categories":[1],"tags":[],"class_list":["post-433","post","type-post","status-publish","format-standard","has-post-thumbnail","hentry","category-bez-kategorii"],"_links":{"self":[{"href":"https:\/\/parafia.starachowice.pl\/index.php\/wp-json\/wp\/v2\/posts\/433","targetHints":{"allow":["GET"]}}],"collection":[{"href":"https:\/\/parafia.starachowice.pl\/index.php\/wp-json\/wp\/v2\/posts"}],"about":[{"href":"https:\/\/parafia.starachowice.pl\/index.php\/wp-json\/wp\/v2\/types\/post"}],"author":[{"embeddable":true,"href":"https:\/\/parafia.starachowice.pl\/index.php\/wp-json\/wp\/v2\/users\/2"}],"replies":[{"embeddable":true,"href":"https:\/\/parafia.starachowice.pl\/index.php\/wp-json\/wp\/v2\/comments?post=433"}],"version-history":[{"count":2,"href":"https:\/\/parafia.starachowice.pl\/index.php\/wp-json\/wp\/v2\/posts\/433\/revisions"}],"predecessor-version":[{"id":448,"href":"https:\/\/parafia.starachowice.pl\/index.php\/wp-json\/wp\/v2\/posts\/433\/revisions\/448"}],"wp:featuredmedia":[{"embeddable":true,"href":"https:\/\/parafia.starachowice.pl\/index.php\/wp-json\/wp\/v2\/media\/443"}],"wp:attachment":[{"href":"https:\/\/parafia.starachowice.pl\/index.php\/wp-json\/wp\/v2\/media?parent=433"}],"wp:term":[{"taxonomy":"category","embeddable":true,"href":"https:\/\/parafia.starachowice.pl\/index.php\/wp-json\/wp\/v2\/categories?post=433"},{"taxonomy":"post_tag","embeddable":true,"href":"https:\/\/parafia.starachowice.pl\/index.php\/wp-json\/wp\/v2\/tags?post=433"}],"curies":[{"name":"wp","href":"https:\/\/api.w.org\/{rel}","templated":true}]}}