{"id":420,"date":"2023-03-25T20:51:24","date_gmt":"2023-03-25T19:51:24","guid":{"rendered":"https:\/\/parafia.starachowice.pl\/?p=420"},"modified":"2023-03-27T20:53:09","modified_gmt":"2023-03-27T18:53:09","slug":"ekstremalna-droga-krzyzowa","status":"publish","type":"post","link":"https:\/\/parafia.starachowice.pl\/index.php\/2023\/03\/25\/ekstremalna-droga-krzyzowa\/","title":{"rendered":"Ekstremalna Droga Krzy\u017cowa"},"content":{"rendered":"\n<p>W nocy z 24 na 25 marca ponad 350 os\u00f3b wzi\u0119\u0142o udzia\u0142 w Ekstremalnej Drogi Krzy\u017cowej ze Starachowic na \u015bw. Krzy\u017c. Doda\u0107 nale\u017cy , \u017ce w tegorocznej edycji EDK \u00a0wzi\u0119\u0142o udzia\u0142 kilkana\u015bcie os\u00f3b z r\u00f3\u017cnych stron Polski m.in. Bia\u0142egostoku , Katowic, Warszawy, Bydgoszczy, Krakowa. Mszy \u015aw. na \u015awi\u0119tym Krzy\u017cu przewodniczy\u0142 ks. Andrzej Kania-\u00a0 proboszcz parafii MB Nieustaj\u0105cej Pomocy, w kt\u00f3rej ju\u017c od kilku lat ma miejsce centrum koordynuj\u0105ce starachowickie EDK. W homilii podkre\u015bli\u0142, \u017ce uroczysto\u015b\u0107 Zwiastowania NMP w kt\u00f3r\u0105 uczestnicy EDK dotarli do najstarszego sanktuarium w Polsce , \u00a0wzywa nas do odpowiedzi na Bo\u017ce S\u0142owo , kt\u00f3re kieruje do nas B\u00f3g jak do Maryi\u00a0 w Nazarecie.<\/p>\n","protected":false},"excerpt":{"rendered":"<p>W nocy z 24 na 25 marca ponad 350 os\u00f3b wzi\u0119\u0142o udzia\u0142 w Ekstremalnej Drogi Krzy\u017cowej ze Starachowic na \u015bw. Krzy\u017c. Doda\u0107 nale\u017cy , \u017ce w tegorocznej edycji EDK \u00a0wzi\u0119\u0142o udzia\u0142 kilkana\u015bcie os\u00f3b z r\u00f3\u017cnych stron Polski m.in. Bia\u0142egostoku , Katowic, Warszawy, Bydgoszczy, Krakowa. Mszy \u015aw. na \u015awi\u0119tym Krzy\u017cu przewodniczy\u0142 ks. Andrzej Kania-\u00a0 proboszcz parafii [&hellip;]<\/p>\n","protected":false},"author":2,"featured_media":421,"comment_status":"closed","ping_status":"closed","sticky":false,"template":"","format":"standard","meta":{"_et_pb_use_builder":"off","_et_pb_old_content":"","_et_gb_content_width":"","footnotes":""},"categories":[1],"tags":[],"class_list":["post-420","post","type-post","status-publish","format-standard","has-post-thumbnail","hentry","category-bez-kategorii"],"_links":{"self":[{"href":"https:\/\/parafia.starachowice.pl\/index.php\/wp-json\/wp\/v2\/posts\/420","targetHints":{"allow":["GET"]}}],"collection":[{"href":"https:\/\/parafia.starachowice.pl\/index.php\/wp-json\/wp\/v2\/posts"}],"about":[{"href":"https:\/\/parafia.starachowice.pl\/index.php\/wp-json\/wp\/v2\/types\/post"}],"author":[{"embeddable":true,"href":"https:\/\/parafia.starachowice.pl\/index.php\/wp-json\/wp\/v2\/users\/2"}],"replies":[{"embeddable":true,"href":"https:\/\/parafia.starachowice.pl\/index.php\/wp-json\/wp\/v2\/comments?post=420"}],"version-history":[{"count":1,"href":"https:\/\/parafia.starachowice.pl\/index.php\/wp-json\/wp\/v2\/posts\/420\/revisions"}],"predecessor-version":[{"id":422,"href":"https:\/\/parafia.starachowice.pl\/index.php\/wp-json\/wp\/v2\/posts\/420\/revisions\/422"}],"wp:featuredmedia":[{"embeddable":true,"href":"https:\/\/parafia.starachowice.pl\/index.php\/wp-json\/wp\/v2\/media\/421"}],"wp:attachment":[{"href":"https:\/\/parafia.starachowice.pl\/index.php\/wp-json\/wp\/v2\/media?parent=420"}],"wp:term":[{"taxonomy":"category","embeddable":true,"href":"https:\/\/parafia.starachowice.pl\/index.php\/wp-json\/wp\/v2\/categories?post=420"},{"taxonomy":"post_tag","embeddable":true,"href":"https:\/\/parafia.starachowice.pl\/index.php\/wp-json\/wp\/v2\/tags?post=420"}],"curies":[{"name":"wp","href":"https:\/\/api.w.org\/{rel}","templated":true}]}}