{"id":1518,"date":"2026-01-24T17:25:24","date_gmt":"2026-01-24T16:25:24","guid":{"rendered":"https:\/\/parafia.starachowice.pl\/?p=1518"},"modified":"2026-01-24T17:25:41","modified_gmt":"2026-01-24T16:25:41","slug":"wizyta-duszpasterska-26-01-31-01","status":"publish","type":"post","link":"https:\/\/parafia.starachowice.pl\/index.php\/2026\/01\/24\/wizyta-duszpasterska-26-01-31-01\/","title":{"rendered":"Wizyta duszpasterska 26.01-31.01."},"content":{"rendered":"\n<p>Poniedzia\u0142ek 26 stycznia od godz. 15.30 ul. Hauke Bosaka 2<\/p>\n\n\n\n<p>Wtorek 27 stycznia od godz. 15.30 ul. Dwernickiego 6<\/p>\n\n\n\n<p>\u015aroda 28 stycznia od godz. 15.30 ul. Jana Paw\u0142a II 28<\/p>\n\n\n\n<p>Czwartek 29 stycznia od godz. 15.30 ul. Paderewskiego 11&nbsp; i&nbsp; 13<\/p>\n\n\n\n<p>Pi\u0105tek 30 stycznia od godz. 15.30&nbsp; kol\u0119da dodatkowa w blokach oraz&nbsp; ul. Lutos\u0142awskiego 6<\/p>\n\n\n\n<p>Sobota 31 stycznia <strong>od godz. 9.00<\/strong> &nbsp;kol\u0119da dodatkowa w domkach oraz&nbsp; ul. Lutos\u0142awskiego&nbsp; 8<\/p>\n","protected":false},"excerpt":{"rendered":"<p>Poniedzia\u0142ek 26 stycznia od godz. 15.30 ul. Hauke Bosaka 2 Wtorek 27 stycznia od godz. 15.30 ul. Dwernickiego 6 \u015aroda 28 stycznia od godz. 15.30 ul. Jana Paw\u0142a II 28 Czwartek 29 stycznia od godz. 15.30 ul. Paderewskiego 11&nbsp; i&nbsp; 13 Pi\u0105tek 30 stycznia od godz. 15.30&nbsp; kol\u0119da dodatkowa w blokach oraz&nbsp; ul. Lutos\u0142awskiego 6 [&hellip;]<\/p>\n","protected":false},"author":1,"featured_media":0,"comment_status":"closed","ping_status":"closed","sticky":false,"template":"","format":"standard","meta":{"_et_pb_use_builder":"off","_et_pb_old_content":"","_et_gb_content_width":"","footnotes":""},"categories":[1],"tags":[],"class_list":["post-1518","post","type-post","status-publish","format-standard","hentry","category-bez-kategorii"],"_links":{"self":[{"href":"https:\/\/parafia.starachowice.pl\/index.php\/wp-json\/wp\/v2\/posts\/1518","targetHints":{"allow":["GET"]}}],"collection":[{"href":"https:\/\/parafia.starachowice.pl\/index.php\/wp-json\/wp\/v2\/posts"}],"about":[{"href":"https:\/\/parafia.starachowice.pl\/index.php\/wp-json\/wp\/v2\/types\/post"}],"author":[{"embeddable":true,"href":"https:\/\/parafia.starachowice.pl\/index.php\/wp-json\/wp\/v2\/users\/1"}],"replies":[{"embeddable":true,"href":"https:\/\/parafia.starachowice.pl\/index.php\/wp-json\/wp\/v2\/comments?post=1518"}],"version-history":[{"count":1,"href":"https:\/\/parafia.starachowice.pl\/index.php\/wp-json\/wp\/v2\/posts\/1518\/revisions"}],"predecessor-version":[{"id":1519,"href":"https:\/\/parafia.starachowice.pl\/index.php\/wp-json\/wp\/v2\/posts\/1518\/revisions\/1519"}],"wp:attachment":[{"href":"https:\/\/parafia.starachowice.pl\/index.php\/wp-json\/wp\/v2\/media?parent=1518"}],"wp:term":[{"taxonomy":"category","embeddable":true,"href":"https:\/\/parafia.starachowice.pl\/index.php\/wp-json\/wp\/v2\/categories?post=1518"},{"taxonomy":"post_tag","embeddable":true,"href":"https:\/\/parafia.starachowice.pl\/index.php\/wp-json\/wp\/v2\/tags?post=1518"}],"curies":[{"name":"wp","href":"https:\/\/api.w.org\/{rel}","templated":true}]}}