{"id":1283,"date":"2025-05-25T22:09:30","date_gmt":"2025-05-25T20:09:30","guid":{"rendered":"https:\/\/parafia.starachowice.pl\/?p=1283"},"modified":"2025-06-01T22:12:06","modified_gmt":"2025-06-01T20:12:06","slug":"koncert-w-holdzie-maryi","status":"publish","type":"post","link":"https:\/\/parafia.starachowice.pl\/index.php\/2025\/05\/25\/koncert-w-holdzie-maryi\/","title":{"rendered":"Koncert: ,,W ho\u0142dzie Maryi&#8221;"},"content":{"rendered":"\n<p>W niedziel\u0119 25 maja w parafii MB Cz\u0119stochowskiej na starachowickich \u0141azach odby\u0142 si\u0119 koncert po\u015bwi\u0119cony Matce Bo\u017cej. Udzia\u0142 w nim wzi\u0105\u0142 nasz parafialny ch\u00f3r po\u0142\u0105czony z ch\u00f3rem ,,Belcanto&#8221;. Dzi\u0119kujemy Panu Organi\u015bcie Krzysztofowi za prowadzenie tych ch\u00f3r\u00f3w i wspania\u0142e przygotowanie do wykonania utwor\u00f3w maryjnych.<\/p>\n\n\n\n<figure class=\"wp-block-gallery has-nested-images columns-default is-cropped wp-block-gallery-1 is-layout-flex wp-block-gallery-is-layout-flex\">\n<figure class=\"wp-block-image size-large\"><img loading=\"lazy\" decoding=\"async\" width=\"1024\" height=\"768\" data-id=\"1284\" src=\"https:\/\/parafia.starachowice.pl\/wp-content\/uploads\/2025\/06\/20250525_153817-1024x768.jpg\" alt=\"\" class=\"wp-image-1284\" srcset=\"https:\/\/parafia.starachowice.pl\/wp-content\/uploads\/2025\/06\/20250525_153817-980x735.jpg 980w, https:\/\/parafia.starachowice.pl\/wp-content\/uploads\/2025\/06\/20250525_153817-480x360.jpg 480w\" sizes=\"auto, (min-width: 0px) and (max-width: 480px) 480px, (min-width: 481px) and (max-width: 980px) 980px, (min-width: 981px) 1024px, 100vw\" \/><\/figure>\n<\/figure>\n","protected":false},"excerpt":{"rendered":"<p>W niedziel\u0119 25 maja w parafii MB Cz\u0119stochowskiej na starachowickich \u0141azach odby\u0142 si\u0119 koncert po\u015bwi\u0119cony Matce Bo\u017cej. Udzia\u0142 w nim wzi\u0105\u0142 nasz parafialny ch\u00f3r po\u0142\u0105czony z ch\u00f3rem ,,Belcanto&#8221;. Dzi\u0119kujemy Panu Organi\u015bcie Krzysztofowi za prowadzenie tych ch\u00f3r\u00f3w i wspania\u0142e przygotowanie do wykonania utwor\u00f3w maryjnych.<\/p>\n","protected":false},"author":2,"featured_media":0,"comment_status":"closed","ping_status":"closed","sticky":false,"template":"","format":"standard","meta":{"_et_pb_use_builder":"off","_et_pb_old_content":"","_et_gb_content_width":"","footnotes":""},"categories":[1],"tags":[],"class_list":["post-1283","post","type-post","status-publish","format-standard","hentry","category-bez-kategorii"],"_links":{"self":[{"href":"https:\/\/parafia.starachowice.pl\/index.php\/wp-json\/wp\/v2\/posts\/1283","targetHints":{"allow":["GET"]}}],"collection":[{"href":"https:\/\/parafia.starachowice.pl\/index.php\/wp-json\/wp\/v2\/posts"}],"about":[{"href":"https:\/\/parafia.starachowice.pl\/index.php\/wp-json\/wp\/v2\/types\/post"}],"author":[{"embeddable":true,"href":"https:\/\/parafia.starachowice.pl\/index.php\/wp-json\/wp\/v2\/users\/2"}],"replies":[{"embeddable":true,"href":"https:\/\/parafia.starachowice.pl\/index.php\/wp-json\/wp\/v2\/comments?post=1283"}],"version-history":[{"count":1,"href":"https:\/\/parafia.starachowice.pl\/index.php\/wp-json\/wp\/v2\/posts\/1283\/revisions"}],"predecessor-version":[{"id":1285,"href":"https:\/\/parafia.starachowice.pl\/index.php\/wp-json\/wp\/v2\/posts\/1283\/revisions\/1285"}],"wp:attachment":[{"href":"https:\/\/parafia.starachowice.pl\/index.php\/wp-json\/wp\/v2\/media?parent=1283"}],"wp:term":[{"taxonomy":"category","embeddable":true,"href":"https:\/\/parafia.starachowice.pl\/index.php\/wp-json\/wp\/v2\/categories?post=1283"},{"taxonomy":"post_tag","embeddable":true,"href":"https:\/\/parafia.starachowice.pl\/index.php\/wp-json\/wp\/v2\/tags?post=1283"}],"curies":[{"name":"wp","href":"https:\/\/api.w.org\/{rel}","templated":true}]}}