{"id":1280,"date":"2025-05-06T22:06:19","date_gmt":"2025-05-06T20:06:19","guid":{"rendered":"https:\/\/parafia.starachowice.pl\/?p=1280"},"modified":"2025-06-01T22:08:29","modified_gmt":"2025-06-01T20:08:29","slug":"imieniny-ks-filipa-2","status":"publish","type":"post","link":"https:\/\/parafia.starachowice.pl\/index.php\/2025\/05\/06\/imieniny-ks-filipa-2\/","title":{"rendered":"Imieniny Ks. Filipa"},"content":{"rendered":"\n<p>6 maja Ko\u015bci\u00f3\u0142 w liturgii wspomina \u015bw. Aposto\u0142\u00f3w Filipa i Jakuba. W naszej parafii pos\u0142uguj\u0105cy Ks. Filip prze\u017cywa\u0142 swoje Imieniny. W czasie mszy \u015bw. o g. 18 modlili\u015bmy si\u0119 w intencji Solenizanta. Sk\u0142adamy serdeczne \u017cyczenia: niech B\u00f3g umacnia i dodaje si\u0142!<\/p>\n\n\n\n<figure class=\"wp-block-gallery has-nested-images columns-default is-cropped wp-block-gallery-1 is-layout-flex wp-block-gallery-is-layout-flex\">\n<figure class=\"wp-block-image size-large\"><img loading=\"lazy\" decoding=\"async\" width=\"1024\" height=\"768\" data-id=\"1281\" src=\"https:\/\/parafia.starachowice.pl\/wp-content\/uploads\/2025\/06\/Messenger_creation_94AF8ED0-E8C3-4F7C-A5D2-EEAEC3FB39BF-1024x768.jpeg\" alt=\"\" class=\"wp-image-1281\" srcset=\"https:\/\/parafia.starachowice.pl\/wp-content\/uploads\/2025\/06\/Messenger_creation_94AF8ED0-E8C3-4F7C-A5D2-EEAEC3FB39BF-980x735.jpeg 980w, https:\/\/parafia.starachowice.pl\/wp-content\/uploads\/2025\/06\/Messenger_creation_94AF8ED0-E8C3-4F7C-A5D2-EEAEC3FB39BF-480x360.jpeg 480w\" sizes=\"auto, (min-width: 0px) and (max-width: 480px) 480px, (min-width: 481px) and (max-width: 980px) 980px, (min-width: 981px) 1024px, 100vw\" \/><figcaption class=\"wp-element-caption\">Ks. Filip wraz z m\u0142odzie\u017c\u0105 w dniu Imienin<\/figcaption><\/figure>\n<\/figure>\n","protected":false},"excerpt":{"rendered":"<p>6 maja Ko\u015bci\u00f3\u0142 w liturgii wspomina \u015bw. Aposto\u0142\u00f3w Filipa i Jakuba. W naszej parafii pos\u0142uguj\u0105cy Ks. Filip prze\u017cywa\u0142 swoje Imieniny. W czasie mszy \u015bw. o g. 18 modlili\u015bmy si\u0119 w intencji Solenizanta. Sk\u0142adamy serdeczne \u017cyczenia: niech B\u00f3g umacnia i dodaje si\u0142!<\/p>\n","protected":false},"author":2,"featured_media":0,"comment_status":"closed","ping_status":"closed","sticky":false,"template":"","format":"standard","meta":{"_et_pb_use_builder":"off","_et_pb_old_content":"","_et_gb_content_width":"","footnotes":""},"categories":[1],"tags":[],"class_list":["post-1280","post","type-post","status-publish","format-standard","hentry","category-bez-kategorii"],"_links":{"self":[{"href":"https:\/\/parafia.starachowice.pl\/index.php\/wp-json\/wp\/v2\/posts\/1280","targetHints":{"allow":["GET"]}}],"collection":[{"href":"https:\/\/parafia.starachowice.pl\/index.php\/wp-json\/wp\/v2\/posts"}],"about":[{"href":"https:\/\/parafia.starachowice.pl\/index.php\/wp-json\/wp\/v2\/types\/post"}],"author":[{"embeddable":true,"href":"https:\/\/parafia.starachowice.pl\/index.php\/wp-json\/wp\/v2\/users\/2"}],"replies":[{"embeddable":true,"href":"https:\/\/parafia.starachowice.pl\/index.php\/wp-json\/wp\/v2\/comments?post=1280"}],"version-history":[{"count":1,"href":"https:\/\/parafia.starachowice.pl\/index.php\/wp-json\/wp\/v2\/posts\/1280\/revisions"}],"predecessor-version":[{"id":1282,"href":"https:\/\/parafia.starachowice.pl\/index.php\/wp-json\/wp\/v2\/posts\/1280\/revisions\/1282"}],"wp:attachment":[{"href":"https:\/\/parafia.starachowice.pl\/index.php\/wp-json\/wp\/v2\/media?parent=1280"}],"wp:term":[{"taxonomy":"category","embeddable":true,"href":"https:\/\/parafia.starachowice.pl\/index.php\/wp-json\/wp\/v2\/categories?post=1280"},{"taxonomy":"post_tag","embeddable":true,"href":"https:\/\/parafia.starachowice.pl\/index.php\/wp-json\/wp\/v2\/tags?post=1280"}],"curies":[{"name":"wp","href":"https:\/\/api.w.org\/{rel}","templated":true}]}}