{"id":1277,"date":"2025-04-11T22:03:05","date_gmt":"2025-04-11T20:03:05","guid":{"rendered":"https:\/\/parafia.starachowice.pl\/?p=1277"},"modified":"2025-06-01T22:05:53","modified_gmt":"2025-06-01T20:05:53","slug":"droga-krzyzowa-ulicami-parafii-2","status":"publish","type":"post","link":"https:\/\/parafia.starachowice.pl\/index.php\/2025\/04\/11\/droga-krzyzowa-ulicami-parafii-2\/","title":{"rendered":"Droga krzy\u017cowa ulicami Parafii"},"content":{"rendered":"\n<p>W pi\u0105tek 11 kwietnia wyszli\u015bmy na ulice naszej Parafii, aby uczestniczy\u0107 w nabo\u017ce\u0144stwie Drogi Krzy\u017cowej. Rozwa\u017cania do poszczeg\u00f3lnych stacji przygotowa\u0142 Ks. Filip, za\u015b o odczytanie zosta\u0142a poproszona wsp\u00f3lnota Rady Parafialnej. <\/p>\n\n\n\n<p>Wszystkim za trud organizacji i za udzia\u0142 w tym nabo\u017ce\u0144stwie sk\u0142adamy serdeczne B\u00f3g zap\u0142a\u0107. <\/p>\n\n\n\n<figure class=\"wp-block-gallery has-nested-images columns-default is-cropped wp-block-gallery-1 is-layout-flex wp-block-gallery-is-layout-flex\">\n<figure class=\"wp-block-image size-large\"><img loading=\"lazy\" decoding=\"async\" width=\"1024\" height=\"768\" data-id=\"1278\" src=\"https:\/\/parafia.starachowice.pl\/wp-content\/uploads\/2025\/06\/IMG-20250411-WA0002-1024x768.jpg\" alt=\"\" class=\"wp-image-1278\" srcset=\"https:\/\/parafia.starachowice.pl\/wp-content\/uploads\/2025\/06\/IMG-20250411-WA0002-980x735.jpg 980w, https:\/\/parafia.starachowice.pl\/wp-content\/uploads\/2025\/06\/IMG-20250411-WA0002-480x360.jpg 480w\" sizes=\"auto, (min-width: 0px) and (max-width: 480px) 480px, (min-width: 481px) and (max-width: 980px) 980px, (min-width: 981px) 1024px, 100vw\" \/><figcaption class=\"wp-element-caption\">Droga Krzy\u017cowa<\/figcaption><\/figure>\n<\/figure>\n","protected":false},"excerpt":{"rendered":"<p>W pi\u0105tek 11 kwietnia wyszli\u015bmy na ulice naszej Parafii, aby uczestniczy\u0107 w nabo\u017ce\u0144stwie Drogi Krzy\u017cowej. Rozwa\u017cania do poszczeg\u00f3lnych stacji przygotowa\u0142 Ks. Filip, za\u015b o odczytanie zosta\u0142a poproszona wsp\u00f3lnota Rady Parafialnej. Wszystkim za trud organizacji i za udzia\u0142 w tym nabo\u017ce\u0144stwie sk\u0142adamy serdeczne B\u00f3g zap\u0142a\u0107.<\/p>\n","protected":false},"author":2,"featured_media":0,"comment_status":"closed","ping_status":"closed","sticky":false,"template":"","format":"standard","meta":{"_et_pb_use_builder":"off","_et_pb_old_content":"","_et_gb_content_width":"","footnotes":""},"categories":[1],"tags":[],"class_list":["post-1277","post","type-post","status-publish","format-standard","hentry","category-bez-kategorii"],"_links":{"self":[{"href":"https:\/\/parafia.starachowice.pl\/index.php\/wp-json\/wp\/v2\/posts\/1277","targetHints":{"allow":["GET"]}}],"collection":[{"href":"https:\/\/parafia.starachowice.pl\/index.php\/wp-json\/wp\/v2\/posts"}],"about":[{"href":"https:\/\/parafia.starachowice.pl\/index.php\/wp-json\/wp\/v2\/types\/post"}],"author":[{"embeddable":true,"href":"https:\/\/parafia.starachowice.pl\/index.php\/wp-json\/wp\/v2\/users\/2"}],"replies":[{"embeddable":true,"href":"https:\/\/parafia.starachowice.pl\/index.php\/wp-json\/wp\/v2\/comments?post=1277"}],"version-history":[{"count":1,"href":"https:\/\/parafia.starachowice.pl\/index.php\/wp-json\/wp\/v2\/posts\/1277\/revisions"}],"predecessor-version":[{"id":1279,"href":"https:\/\/parafia.starachowice.pl\/index.php\/wp-json\/wp\/v2\/posts\/1277\/revisions\/1279"}],"wp:attachment":[{"href":"https:\/\/parafia.starachowice.pl\/index.php\/wp-json\/wp\/v2\/media?parent=1277"}],"wp:term":[{"taxonomy":"category","embeddable":true,"href":"https:\/\/parafia.starachowice.pl\/index.php\/wp-json\/wp\/v2\/categories?post=1277"},{"taxonomy":"post_tag","embeddable":true,"href":"https:\/\/parafia.starachowice.pl\/index.php\/wp-json\/wp\/v2\/tags?post=1277"}],"curies":[{"name":"wp","href":"https:\/\/api.w.org\/{rel}","templated":true}]}}