{"id":1274,"date":"2025-04-13T21:58:47","date_gmt":"2025-04-13T19:58:47","guid":{"rendered":"https:\/\/parafia.starachowice.pl\/?p=1274"},"modified":"2025-06-01T22:01:38","modified_gmt":"2025-06-01T20:01:38","slug":"bierzmowanie-2","status":"publish","type":"post","link":"https:\/\/parafia.starachowice.pl\/index.php\/2025\/04\/13\/bierzmowanie-2\/","title":{"rendered":"Bierzmowanie"},"content":{"rendered":"\n<p>W Niedziel\u0119 Palmow\u0105, tj. 13 kwietnia, Ks. Pra\u0142at Marek Fituch w czasie mszy \u015bwi\u0119tej udzieli\u0142 sakramentu bierzmowania m\u0142odzie\u017cy naszej parafii. Dzi\u0119kujemy Rodzicom za przygotowanie \u015bwi\u0105tyni i za z\u0142o\u017cony dar dla parafii, a Ks. Filipowi <br>i Pani dr Lidii Mergalskiej (katechetce) za przygotowanie m\u0142odzie\u017cy na ten dzie\u0144.<\/p>\n\n\n\n<figure class=\"wp-block-gallery has-nested-images columns-default is-cropped wp-block-gallery-1 is-layout-flex wp-block-gallery-is-layout-flex\">\n<figure class=\"wp-block-image size-large\"><img loading=\"lazy\" decoding=\"async\" width=\"1024\" height=\"695\" data-id=\"1275\" src=\"https:\/\/parafia.starachowice.pl\/wp-content\/uploads\/2025\/06\/Messenger_creation_62AEA484-E188-4F24-B349-A91F4A1FD740-1024x695.jpeg\" alt=\"\" class=\"wp-image-1275\" srcset=\"https:\/\/parafia.starachowice.pl\/wp-content\/uploads\/2025\/06\/Messenger_creation_62AEA484-E188-4F24-B349-A91F4A1FD740-980x665.jpeg 980w, https:\/\/parafia.starachowice.pl\/wp-content\/uploads\/2025\/06\/Messenger_creation_62AEA484-E188-4F24-B349-A91F4A1FD740-480x326.jpeg 480w\" sizes=\"auto, (min-width: 0px) and (max-width: 480px) 480px, (min-width: 481px) and (max-width: 980px) 980px, (min-width: 981px) 1024px, 100vw\" \/><figcaption class=\"wp-element-caption\">Bierzmowani 2025 roku<\/figcaption><\/figure>\n<\/figure>\n","protected":false},"excerpt":{"rendered":"<p>W Niedziel\u0119 Palmow\u0105, tj. 13 kwietnia, Ks. Pra\u0142at Marek Fituch w czasie mszy \u015bwi\u0119tej udzieli\u0142 sakramentu bierzmowania m\u0142odzie\u017cy naszej parafii. Dzi\u0119kujemy Rodzicom za przygotowanie \u015bwi\u0105tyni i za z\u0142o\u017cony dar dla parafii, a Ks. Filipowi i Pani dr Lidii Mergalskiej (katechetce) za przygotowanie m\u0142odzie\u017cy na ten dzie\u0144.<\/p>\n","protected":false},"author":2,"featured_media":0,"comment_status":"closed","ping_status":"closed","sticky":false,"template":"","format":"standard","meta":{"_et_pb_use_builder":"off","_et_pb_old_content":"","_et_gb_content_width":"","footnotes":""},"categories":[1],"tags":[],"class_list":["post-1274","post","type-post","status-publish","format-standard","hentry","category-bez-kategorii"],"_links":{"self":[{"href":"https:\/\/parafia.starachowice.pl\/index.php\/wp-json\/wp\/v2\/posts\/1274","targetHints":{"allow":["GET"]}}],"collection":[{"href":"https:\/\/parafia.starachowice.pl\/index.php\/wp-json\/wp\/v2\/posts"}],"about":[{"href":"https:\/\/parafia.starachowice.pl\/index.php\/wp-json\/wp\/v2\/types\/post"}],"author":[{"embeddable":true,"href":"https:\/\/parafia.starachowice.pl\/index.php\/wp-json\/wp\/v2\/users\/2"}],"replies":[{"embeddable":true,"href":"https:\/\/parafia.starachowice.pl\/index.php\/wp-json\/wp\/v2\/comments?post=1274"}],"version-history":[{"count":1,"href":"https:\/\/parafia.starachowice.pl\/index.php\/wp-json\/wp\/v2\/posts\/1274\/revisions"}],"predecessor-version":[{"id":1276,"href":"https:\/\/parafia.starachowice.pl\/index.php\/wp-json\/wp\/v2\/posts\/1274\/revisions\/1276"}],"wp:attachment":[{"href":"https:\/\/parafia.starachowice.pl\/index.php\/wp-json\/wp\/v2\/media?parent=1274"}],"wp:term":[{"taxonomy":"category","embeddable":true,"href":"https:\/\/parafia.starachowice.pl\/index.php\/wp-json\/wp\/v2\/categories?post=1274"},{"taxonomy":"post_tag","embeddable":true,"href":"https:\/\/parafia.starachowice.pl\/index.php\/wp-json\/wp\/v2\/tags?post=1274"}],"curies":[{"name":"wp","href":"https:\/\/api.w.org\/{rel}","templated":true}]}}