{"id":1271,"date":"2025-06-01T21:58:13","date_gmt":"2025-06-01T19:58:13","guid":{"rendered":"https:\/\/parafia.starachowice.pl\/?p=1271"},"modified":"2025-06-01T21:58:13","modified_gmt":"2025-06-01T19:58:13","slug":"jubileusze-kaplanstwa","status":"publish","type":"post","link":"https:\/\/parafia.starachowice.pl\/index.php\/2025\/06\/01\/jubileusze-kaplanstwa\/","title":{"rendered":"Jubileusze kap\u0142a\u0144stwa"},"content":{"rendered":"\n<p>W niedziel\u0119 Wniebowst\u0105pienia Pa\u0144skiego, tj.  01 czerwca, uroczy\u015bcie obchodzono jubileusze kap\u0142a\u0144stwa Ks. Infu\u0142ata Stanis\u0142awa Pindery (55 rocznica) i Ks. Proboszcza Andrzeja Kani (30 rocznica). W czasie mszy \u015bwi\u0119tej o g. 10, kap\u0142ani dzi\u0119kowali Panu Bogu za dar powo\u0142ania do kap\u0142a\u0144stwa i za wszelkie dary od Niego otrzymane. W\u015br\u00f3d innych mniejszych jubileuszy by\u0142a 9 rocznica \u015bwi\u0119ce\u0144 wikariusza Ks. Marcina Przytu\u0142y oraz 3 rocznica \u015bwi\u0119ce\u0144 wikariusza Ks. Filipa Kochanowskiego. <\/p>\n\n\n\n<p>Przedstawiciele wsp\u00f3lnot parafialnych z\u0142o\u017cy\u0142a \u017cyczenia Jubilatom. Obecni tak\u017ce byli: Ks. Pra\u0142at W\u0142adys\u0142aw Sarwa i Ks. Kanonik Stanis\u0142aw Ro\u017cej, kt\u00f3rzy niegdy\u015b pos\u0142ugiwali w parafii.<\/p>\n\n\n\n<p>Wszystkim sk\u0142adamy serdeczne B\u00f3g zap\u0142a\u0107 za modlitw\u0119!<\/p>\n\n\n\n<figure class=\"wp-block-gallery has-nested-images columns-default is-cropped wp-block-gallery-1 is-layout-flex wp-block-gallery-is-layout-flex\">\n<figure class=\"wp-block-image size-large\"><img loading=\"lazy\" decoding=\"async\" width=\"768\" height=\"1024\" data-id=\"1272\" src=\"https:\/\/parafia.starachowice.pl\/wp-content\/uploads\/2025\/06\/20250601_100738-768x1024.jpg\" alt=\"\" class=\"wp-image-1272\"\/><figcaption class=\"wp-element-caption\">Ksi\u0119\u017ca Jubilaci<\/figcaption><\/figure>\n<\/figure>\n","protected":false},"excerpt":{"rendered":"<p>W niedziel\u0119 Wniebowst\u0105pienia Pa\u0144skiego, tj. 01 czerwca, uroczy\u015bcie obchodzono jubileusze kap\u0142a\u0144stwa Ks. Infu\u0142ata Stanis\u0142awa Pindery (55 rocznica) i Ks. Proboszcza Andrzeja Kani (30 rocznica). W czasie mszy \u015bwi\u0119tej o g. 10, kap\u0142ani dzi\u0119kowali Panu Bogu za dar powo\u0142ania do kap\u0142a\u0144stwa i za wszelkie dary od Niego otrzymane. W\u015br\u00f3d innych mniejszych jubileuszy by\u0142a 9 rocznica \u015bwi\u0119ce\u0144 [&hellip;]<\/p>\n","protected":false},"author":2,"featured_media":0,"comment_status":"closed","ping_status":"closed","sticky":false,"template":"","format":"standard","meta":{"_et_pb_use_builder":"off","_et_pb_old_content":"","_et_gb_content_width":"","footnotes":""},"categories":[1],"tags":[],"class_list":["post-1271","post","type-post","status-publish","format-standard","hentry","category-bez-kategorii"],"_links":{"self":[{"href":"https:\/\/parafia.starachowice.pl\/index.php\/wp-json\/wp\/v2\/posts\/1271","targetHints":{"allow":["GET"]}}],"collection":[{"href":"https:\/\/parafia.starachowice.pl\/index.php\/wp-json\/wp\/v2\/posts"}],"about":[{"href":"https:\/\/parafia.starachowice.pl\/index.php\/wp-json\/wp\/v2\/types\/post"}],"author":[{"embeddable":true,"href":"https:\/\/parafia.starachowice.pl\/index.php\/wp-json\/wp\/v2\/users\/2"}],"replies":[{"embeddable":true,"href":"https:\/\/parafia.starachowice.pl\/index.php\/wp-json\/wp\/v2\/comments?post=1271"}],"version-history":[{"count":1,"href":"https:\/\/parafia.starachowice.pl\/index.php\/wp-json\/wp\/v2\/posts\/1271\/revisions"}],"predecessor-version":[{"id":1273,"href":"https:\/\/parafia.starachowice.pl\/index.php\/wp-json\/wp\/v2\/posts\/1271\/revisions\/1273"}],"wp:attachment":[{"href":"https:\/\/parafia.starachowice.pl\/index.php\/wp-json\/wp\/v2\/media?parent=1271"}],"wp:term":[{"taxonomy":"category","embeddable":true,"href":"https:\/\/parafia.starachowice.pl\/index.php\/wp-json\/wp\/v2\/categories?post=1271"},{"taxonomy":"post_tag","embeddable":true,"href":"https:\/\/parafia.starachowice.pl\/index.php\/wp-json\/wp\/v2\/tags?post=1271"}],"curies":[{"name":"wp","href":"https:\/\/api.w.org\/{rel}","templated":true}]}}