{"id":1193,"date":"2025-02-28T15:15:28","date_gmt":"2025-02-28T14:15:28","guid":{"rendered":"https:\/\/parafia.starachowice.pl\/?p=1193"},"modified":"2025-02-28T15:15:29","modified_gmt":"2025-02-28T14:15:29","slug":"sroda-popielcowa","status":"publish","type":"post","link":"https:\/\/parafia.starachowice.pl\/index.php\/2025\/02\/28\/sroda-popielcowa\/","title":{"rendered":"\u015aroda Popielcowa"},"content":{"rendered":"\n<p>W \u015brod\u0119 5 marca zwan\u0105 popielcow\u0105 rozpoczynamy szczeg\u00f3lny okres liturgiczny. Zapraszamy na msze \u015bwi\u0119te z posypaniem g\u0142\u00f3w popio\u0142em, aby rozpocz\u0105\u0107 dobrze ten czas. Niech pomaga nam w tym Bo\u017ca \u0142aska. <\/p>\n","protected":false},"excerpt":{"rendered":"<p>W \u015brod\u0119 5 marca zwan\u0105 popielcow\u0105 rozpoczynamy szczeg\u00f3lny okres liturgiczny. Zapraszamy na msze \u015bwi\u0119te z posypaniem g\u0142\u00f3w popio\u0142em, aby rozpocz\u0105\u0107 dobrze ten czas. Niech pomaga nam w tym Bo\u017ca \u0142aska.<\/p>\n","protected":false},"author":2,"featured_media":1194,"comment_status":"closed","ping_status":"closed","sticky":false,"template":"","format":"standard","meta":{"_et_pb_use_builder":"off","_et_pb_old_content":"","_et_gb_content_width":"","footnotes":""},"categories":[1],"tags":[],"class_list":["post-1193","post","type-post","status-publish","format-standard","has-post-thumbnail","hentry","category-bez-kategorii"],"_links":{"self":[{"href":"https:\/\/parafia.starachowice.pl\/index.php\/wp-json\/wp\/v2\/posts\/1193","targetHints":{"allow":["GET"]}}],"collection":[{"href":"https:\/\/parafia.starachowice.pl\/index.php\/wp-json\/wp\/v2\/posts"}],"about":[{"href":"https:\/\/parafia.starachowice.pl\/index.php\/wp-json\/wp\/v2\/types\/post"}],"author":[{"embeddable":true,"href":"https:\/\/parafia.starachowice.pl\/index.php\/wp-json\/wp\/v2\/users\/2"}],"replies":[{"embeddable":true,"href":"https:\/\/parafia.starachowice.pl\/index.php\/wp-json\/wp\/v2\/comments?post=1193"}],"version-history":[{"count":1,"href":"https:\/\/parafia.starachowice.pl\/index.php\/wp-json\/wp\/v2\/posts\/1193\/revisions"}],"predecessor-version":[{"id":1195,"href":"https:\/\/parafia.starachowice.pl\/index.php\/wp-json\/wp\/v2\/posts\/1193\/revisions\/1195"}],"wp:featuredmedia":[{"embeddable":true,"href":"https:\/\/parafia.starachowice.pl\/index.php\/wp-json\/wp\/v2\/media\/1194"}],"wp:attachment":[{"href":"https:\/\/parafia.starachowice.pl\/index.php\/wp-json\/wp\/v2\/media?parent=1193"}],"wp:term":[{"taxonomy":"category","embeddable":true,"href":"https:\/\/parafia.starachowice.pl\/index.php\/wp-json\/wp\/v2\/categories?post=1193"},{"taxonomy":"post_tag","embeddable":true,"href":"https:\/\/parafia.starachowice.pl\/index.php\/wp-json\/wp\/v2\/tags?post=1193"}],"curies":[{"name":"wp","href":"https:\/\/api.w.org\/{rel}","templated":true}]}}