{"id":1095,"date":"2024-11-29T10:25:07","date_gmt":"2024-11-29T09:25:07","guid":{"rendered":"https:\/\/parafia.starachowice.pl\/?p=1095"},"modified":"2024-11-29T10:25:07","modified_gmt":"2024-11-29T09:25:07","slug":"adwent","status":"publish","type":"post","link":"https:\/\/parafia.starachowice.pl\/index.php\/2024\/11\/29\/adwent\/","title":{"rendered":"Adwent"},"content":{"rendered":"\n<p>Serdecznie zapraszamy na Msze \u015bwi\u0119te roratnie o g. 6.15. We wtorek, czwartek i pi\u0105tek kazania do dzieci, za\u015b w pozosta\u0142e dni do doros\u0142ych. Dzieci po mszy \u015bwi\u0119tej w wyznaczone dni zapraszamy na s\u0142odk\u0105 bu\u0142k\u0119 i czekolad\u0119 do picia do sali pod ko\u015bcio\u0142em.<\/p>\n\n\n\n<p>Niech ten czas b\u0119dzie dobrym przygotowaniem do uroczysto\u015bci Narodzenia Pa\u0144skiego.<\/p>\n\n\n\n<figure class=\"wp-block-gallery has-nested-images columns-default is-cropped wp-block-gallery-1 is-layout-flex wp-block-gallery-is-layout-flex\"><\/figure>\n","protected":false},"excerpt":{"rendered":"<p>Serdecznie zapraszamy na Msze \u015bwi\u0119te roratnie o g. 6.15. We wtorek, czwartek i pi\u0105tek kazania do dzieci, za\u015b w pozosta\u0142e dni do doros\u0142ych. Dzieci po mszy \u015bwi\u0119tej w wyznaczone dni zapraszamy na s\u0142odk\u0105 bu\u0142k\u0119 i czekolad\u0119 do picia do sali pod ko\u015bcio\u0142em. Niech ten czas b\u0119dzie dobrym przygotowaniem do uroczysto\u015bci Narodzenia Pa\u0144skiego.<\/p>\n","protected":false},"author":2,"featured_media":1096,"comment_status":"closed","ping_status":"closed","sticky":false,"template":"","format":"standard","meta":{"_et_pb_use_builder":"off","_et_pb_old_content":"","_et_gb_content_width":"","footnotes":""},"categories":[1],"tags":[],"class_list":["post-1095","post","type-post","status-publish","format-standard","has-post-thumbnail","hentry","category-bez-kategorii"],"_links":{"self":[{"href":"https:\/\/parafia.starachowice.pl\/index.php\/wp-json\/wp\/v2\/posts\/1095","targetHints":{"allow":["GET"]}}],"collection":[{"href":"https:\/\/parafia.starachowice.pl\/index.php\/wp-json\/wp\/v2\/posts"}],"about":[{"href":"https:\/\/parafia.starachowice.pl\/index.php\/wp-json\/wp\/v2\/types\/post"}],"author":[{"embeddable":true,"href":"https:\/\/parafia.starachowice.pl\/index.php\/wp-json\/wp\/v2\/users\/2"}],"replies":[{"embeddable":true,"href":"https:\/\/parafia.starachowice.pl\/index.php\/wp-json\/wp\/v2\/comments?post=1095"}],"version-history":[{"count":1,"href":"https:\/\/parafia.starachowice.pl\/index.php\/wp-json\/wp\/v2\/posts\/1095\/revisions"}],"predecessor-version":[{"id":1097,"href":"https:\/\/parafia.starachowice.pl\/index.php\/wp-json\/wp\/v2\/posts\/1095\/revisions\/1097"}],"wp:featuredmedia":[{"embeddable":true,"href":"https:\/\/parafia.starachowice.pl\/index.php\/wp-json\/wp\/v2\/media\/1096"}],"wp:attachment":[{"href":"https:\/\/parafia.starachowice.pl\/index.php\/wp-json\/wp\/v2\/media?parent=1095"}],"wp:term":[{"taxonomy":"category","embeddable":true,"href":"https:\/\/parafia.starachowice.pl\/index.php\/wp-json\/wp\/v2\/categories?post=1095"},{"taxonomy":"post_tag","embeddable":true,"href":"https:\/\/parafia.starachowice.pl\/index.php\/wp-json\/wp\/v2\/tags?post=1095"}],"curies":[{"name":"wp","href":"https:\/\/api.w.org\/{rel}","templated":true}]}}