{"id":1051,"date":"2024-09-18T09:46:23","date_gmt":"2024-09-18T07:46:23","guid":{"rendered":"https:\/\/parafia.starachowice.pl\/?p=1051"},"modified":"2024-10-01T09:47:49","modified_gmt":"2024-10-01T07:47:49","slug":"imieniny-ks-inf-stanislawa-pindery","status":"publish","type":"post","link":"https:\/\/parafia.starachowice.pl\/index.php\/2024\/09\/18\/imieniny-ks-inf-stanislawa-pindery\/","title":{"rendered":"Imieniny Ks. Inf. Stanis\u0142awa Pindery"},"content":{"rendered":"\n<p>18 wrze\u015bnia we wspomnienie \u015bw. Stanis\u0142awa Kostki w czasie Mszy \u015bw. o g. 18.00 modlili\u015bmy si\u0119 za Ks. Stanis\u0142awa w dniu Jego Imienin. \u017byczymy wszelkich Bo\u017cych \u0142ask i dar\u00f3w Ducha \u015awi\u0119tego na ka\u017cdy dzie\u0144 \u017cycia.<\/p>\n\n\n\n<figure class=\"wp-block-gallery has-nested-images columns-default is-cropped wp-block-gallery-1 is-layout-flex wp-block-gallery-is-layout-flex\">\n<figure class=\"wp-block-image size-large\"><img loading=\"lazy\" decoding=\"async\" width=\"768\" height=\"1024\" data-id=\"1052\" src=\"https:\/\/parafia.starachowice.pl\/wp-content\/uploads\/2024\/10\/Messenger_creation_CE9DEF9D-5414-4326-93D0-77542611296D-768x1024.jpeg\" alt=\"\" class=\"wp-image-1052\"\/><\/figure>\n<\/figure>\n","protected":false},"excerpt":{"rendered":"<p>18 wrze\u015bnia we wspomnienie \u015bw. Stanis\u0142awa Kostki w czasie Mszy \u015bw. o g. 18.00 modlili\u015bmy si\u0119 za Ks. Stanis\u0142awa w dniu Jego Imienin. \u017byczymy wszelkich Bo\u017cych \u0142ask i dar\u00f3w Ducha \u015awi\u0119tego na ka\u017cdy dzie\u0144 \u017cycia.<\/p>\n","protected":false},"author":2,"featured_media":1052,"comment_status":"closed","ping_status":"closed","sticky":false,"template":"","format":"standard","meta":{"_et_pb_use_builder":"off","_et_pb_old_content":"","_et_gb_content_width":"","footnotes":""},"categories":[1],"tags":[],"class_list":["post-1051","post","type-post","status-publish","format-standard","has-post-thumbnail","hentry","category-bez-kategorii"],"_links":{"self":[{"href":"https:\/\/parafia.starachowice.pl\/index.php\/wp-json\/wp\/v2\/posts\/1051","targetHints":{"allow":["GET"]}}],"collection":[{"href":"https:\/\/parafia.starachowice.pl\/index.php\/wp-json\/wp\/v2\/posts"}],"about":[{"href":"https:\/\/parafia.starachowice.pl\/index.php\/wp-json\/wp\/v2\/types\/post"}],"author":[{"embeddable":true,"href":"https:\/\/parafia.starachowice.pl\/index.php\/wp-json\/wp\/v2\/users\/2"}],"replies":[{"embeddable":true,"href":"https:\/\/parafia.starachowice.pl\/index.php\/wp-json\/wp\/v2\/comments?post=1051"}],"version-history":[{"count":1,"href":"https:\/\/parafia.starachowice.pl\/index.php\/wp-json\/wp\/v2\/posts\/1051\/revisions"}],"predecessor-version":[{"id":1053,"href":"https:\/\/parafia.starachowice.pl\/index.php\/wp-json\/wp\/v2\/posts\/1051\/revisions\/1053"}],"wp:featuredmedia":[{"embeddable":true,"href":"https:\/\/parafia.starachowice.pl\/index.php\/wp-json\/wp\/v2\/media\/1052"}],"wp:attachment":[{"href":"https:\/\/parafia.starachowice.pl\/index.php\/wp-json\/wp\/v2\/media?parent=1051"}],"wp:term":[{"taxonomy":"category","embeddable":true,"href":"https:\/\/parafia.starachowice.pl\/index.php\/wp-json\/wp\/v2\/categories?post=1051"},{"taxonomy":"post_tag","embeddable":true,"href":"https:\/\/parafia.starachowice.pl\/index.php\/wp-json\/wp\/v2\/tags?post=1051"}],"curies":[{"name":"wp","href":"https:\/\/api.w.org\/{rel}","templated":true}]}}