{"id":1048,"date":"2024-09-29T09:43:08","date_gmt":"2024-09-29T07:43:08","guid":{"rendered":"https:\/\/parafia.starachowice.pl\/?p=1048"},"modified":"2024-10-01T09:44:22","modified_gmt":"2024-10-01T07:44:22","slug":"poswiecenie-rozancow","status":"publish","type":"post","link":"https:\/\/parafia.starachowice.pl\/index.php\/2024\/09\/29\/poswiecenie-rozancow\/","title":{"rendered":"Po\u015bwi\u0119cenie r\u00f3\u017ca\u0144c\u00f3w"},"content":{"rendered":"\n<p>W niedziel\u0119 29 wrze\u015bnia na Mszy \u015bwi\u0119tej 11.15 zosta\u0142y po\u015bwi\u0119cone r\u00f3\u017ca\u0144ce dla dzieci z klas III, kt\u00f3re przygotowuj\u0105 si\u0119 do przyj\u0119cia I Komunii \u015awi\u0119tej.<\/p>\n\n\n\n<p>Zapraszamy na r\u00f3\u017caniec od 1 pa\u017adziernika o g. 17.30.<\/p>\n\n\n\n<figure class=\"wp-block-gallery has-nested-images columns-default is-cropped wp-block-gallery-1 is-layout-flex wp-block-gallery-is-layout-flex\">\n<figure class=\"wp-block-image size-large\"><img loading=\"lazy\" decoding=\"async\" width=\"1024\" height=\"473\" data-id=\"1049\" src=\"https:\/\/parafia.starachowice.pl\/wp-content\/uploads\/2024\/10\/FB_IMG_1727767616148-1024x473.jpg\" alt=\"\" class=\"wp-image-1049\" srcset=\"https:\/\/parafia.starachowice.pl\/wp-content\/uploads\/2024\/10\/FB_IMG_1727767616148-1024x473.jpg 1024w, https:\/\/parafia.starachowice.pl\/wp-content\/uploads\/2024\/10\/FB_IMG_1727767616148-980x453.jpg 980w, https:\/\/parafia.starachowice.pl\/wp-content\/uploads\/2024\/10\/FB_IMG_1727767616148-480x222.jpg 480w\" sizes=\"auto, (min-width: 0px) and (max-width: 480px) 480px, (min-width: 481px) and (max-width: 980px) 980px, (min-width: 981px) 1024px, 100vw\" \/><\/figure>\n<\/figure>\n","protected":false},"excerpt":{"rendered":"<p>W niedziel\u0119 29 wrze\u015bnia na Mszy \u015bwi\u0119tej 11.15 zosta\u0142y po\u015bwi\u0119cone r\u00f3\u017ca\u0144ce dla dzieci z klas III, kt\u00f3re przygotowuj\u0105 si\u0119 do przyj\u0119cia I Komunii \u015awi\u0119tej. Zapraszamy na r\u00f3\u017caniec od 1 pa\u017adziernika o g. 17.30.<\/p>\n","protected":false},"author":2,"featured_media":1049,"comment_status":"closed","ping_status":"closed","sticky":false,"template":"","format":"standard","meta":{"_et_pb_use_builder":"off","_et_pb_old_content":"","_et_gb_content_width":"","footnotes":""},"categories":[1],"tags":[],"class_list":["post-1048","post","type-post","status-publish","format-standard","has-post-thumbnail","hentry","category-bez-kategorii"],"_links":{"self":[{"href":"https:\/\/parafia.starachowice.pl\/index.php\/wp-json\/wp\/v2\/posts\/1048","targetHints":{"allow":["GET"]}}],"collection":[{"href":"https:\/\/parafia.starachowice.pl\/index.php\/wp-json\/wp\/v2\/posts"}],"about":[{"href":"https:\/\/parafia.starachowice.pl\/index.php\/wp-json\/wp\/v2\/types\/post"}],"author":[{"embeddable":true,"href":"https:\/\/parafia.starachowice.pl\/index.php\/wp-json\/wp\/v2\/users\/2"}],"replies":[{"embeddable":true,"href":"https:\/\/parafia.starachowice.pl\/index.php\/wp-json\/wp\/v2\/comments?post=1048"}],"version-history":[{"count":1,"href":"https:\/\/parafia.starachowice.pl\/index.php\/wp-json\/wp\/v2\/posts\/1048\/revisions"}],"predecessor-version":[{"id":1050,"href":"https:\/\/parafia.starachowice.pl\/index.php\/wp-json\/wp\/v2\/posts\/1048\/revisions\/1050"}],"wp:featuredmedia":[{"embeddable":true,"href":"https:\/\/parafia.starachowice.pl\/index.php\/wp-json\/wp\/v2\/media\/1049"}],"wp:attachment":[{"href":"https:\/\/parafia.starachowice.pl\/index.php\/wp-json\/wp\/v2\/media?parent=1048"}],"wp:term":[{"taxonomy":"category","embeddable":true,"href":"https:\/\/parafia.starachowice.pl\/index.php\/wp-json\/wp\/v2\/categories?post=1048"},{"taxonomy":"post_tag","embeddable":true,"href":"https:\/\/parafia.starachowice.pl\/index.php\/wp-json\/wp\/v2\/tags?post=1048"}],"curies":[{"name":"wp","href":"https:\/\/api.w.org\/{rel}","templated":true}]}}