{"id":1039,"date":"2024-09-05T09:36:53","date_gmt":"2024-09-05T07:36:53","guid":{"rendered":"https:\/\/parafia.starachowice.pl\/?p=1039"},"modified":"2024-10-01T09:39:02","modified_gmt":"2024-10-01T07:39:02","slug":"rozpoczecie-roku-formacyjnego-w-naszej-parafii","status":"publish","type":"post","link":"https:\/\/parafia.starachowice.pl\/index.php\/2024\/09\/05\/rozpoczecie-roku-formacyjnego-w-naszej-parafii\/","title":{"rendered":"Rozpocz\u0119cie roku formacyjnego w naszej parafii"},"content":{"rendered":"\n<p>W I czwartek miesi\u0105ca w czasie Mszy \u015bw. o g. 18.00 modlili\u015bmy si\u0119 o owoce pracy duchowej w nowym roku formacyjnym. Odpowiedzialne osoby za grupy otrzyma\u0142y \u015bwiece i b\u0142ogos\u0142awie\u0144stwo na czas pos\u0142ugi w konkretnej wsp\u00f3lnocie. Niech B\u00f3g b\u0119dzie uwielbiony w dziele wsp\u00f3lnot naszej parafii.<\/p>\n\n\n\n<figure class=\"wp-block-gallery has-nested-images columns-default is-cropped wp-block-gallery-1 is-layout-flex wp-block-gallery-is-layout-flex\">\n<figure class=\"wp-block-image size-large\"><img loading=\"lazy\" decoding=\"async\" width=\"768\" height=\"1024\" data-id=\"1040\" src=\"https:\/\/parafia.starachowice.pl\/wp-content\/uploads\/2024\/10\/FB_IMG_1727767576930-768x1024.jpg\" alt=\"\" class=\"wp-image-1040\"\/><\/figure>\n<\/figure>\n","protected":false},"excerpt":{"rendered":"<p>W I czwartek miesi\u0105ca w czasie Mszy \u015bw. o g. 18.00 modlili\u015bmy si\u0119 o owoce pracy duchowej w nowym roku formacyjnym. Odpowiedzialne osoby za grupy otrzyma\u0142y \u015bwiece i b\u0142ogos\u0142awie\u0144stwo na czas pos\u0142ugi w konkretnej wsp\u00f3lnocie. Niech B\u00f3g b\u0119dzie uwielbiony w dziele wsp\u00f3lnot naszej parafii.<\/p>\n","protected":false},"author":2,"featured_media":1040,"comment_status":"closed","ping_status":"closed","sticky":false,"template":"","format":"standard","meta":{"_et_pb_use_builder":"off","_et_pb_old_content":"","_et_gb_content_width":"","footnotes":""},"categories":[1],"tags":[],"class_list":["post-1039","post","type-post","status-publish","format-standard","has-post-thumbnail","hentry","category-bez-kategorii"],"_links":{"self":[{"href":"https:\/\/parafia.starachowice.pl\/index.php\/wp-json\/wp\/v2\/posts\/1039","targetHints":{"allow":["GET"]}}],"collection":[{"href":"https:\/\/parafia.starachowice.pl\/index.php\/wp-json\/wp\/v2\/posts"}],"about":[{"href":"https:\/\/parafia.starachowice.pl\/index.php\/wp-json\/wp\/v2\/types\/post"}],"author":[{"embeddable":true,"href":"https:\/\/parafia.starachowice.pl\/index.php\/wp-json\/wp\/v2\/users\/2"}],"replies":[{"embeddable":true,"href":"https:\/\/parafia.starachowice.pl\/index.php\/wp-json\/wp\/v2\/comments?post=1039"}],"version-history":[{"count":1,"href":"https:\/\/parafia.starachowice.pl\/index.php\/wp-json\/wp\/v2\/posts\/1039\/revisions"}],"predecessor-version":[{"id":1041,"href":"https:\/\/parafia.starachowice.pl\/index.php\/wp-json\/wp\/v2\/posts\/1039\/revisions\/1041"}],"wp:featuredmedia":[{"embeddable":true,"href":"https:\/\/parafia.starachowice.pl\/index.php\/wp-json\/wp\/v2\/media\/1040"}],"wp:attachment":[{"href":"https:\/\/parafia.starachowice.pl\/index.php\/wp-json\/wp\/v2\/media?parent=1039"}],"wp:term":[{"taxonomy":"category","embeddable":true,"href":"https:\/\/parafia.starachowice.pl\/index.php\/wp-json\/wp\/v2\/categories?post=1039"},{"taxonomy":"post_tag","embeddable":true,"href":"https:\/\/parafia.starachowice.pl\/index.php\/wp-json\/wp\/v2\/tags?post=1039"}],"curies":[{"name":"wp","href":"https:\/\/api.w.org\/{rel}","templated":true}]}}