{"id":1036,"date":"2024-09-01T09:36:00","date_gmt":"2024-09-01T07:36:00","guid":{"rendered":"https:\/\/parafia.starachowice.pl\/?p=1036"},"modified":"2024-10-01T09:36:42","modified_gmt":"2024-10-01T07:36:42","slug":"wizytacja-kanoniczna-naszej-parafii","status":"publish","type":"post","link":"https:\/\/parafia.starachowice.pl\/index.php\/2024\/09\/01\/wizytacja-kanoniczna-naszej-parafii\/","title":{"rendered":"Wizytacja kanoniczna naszej parafii"},"content":{"rendered":"\n<p>W dniu 1 wrze\u015bnia do naszej parafii przyjecha\u0142 Ks. Biskup Marek Solarczyk w ramach wizytacji kanoniczej. Ksi\u0105dz Biskup by\u0142 obecny na Mszach \u015bwi\u0119tych o godz. 8.00, 10.00, 11.15 i 12.30. O godz. 8.00 by\u0142a Msza \u015bwi\u0119ta z udzia\u0142em K\u017bR, o g. 10.00 Do\u017cynki, o g. 11.15 Msza \u015bw. na rozpocz\u0119cie roku szkolnego dla uczni\u00f3w Szko\u0142y Podstawowej nr 13 i III Liceum a o g. 12.30 Ks. Bp po\u015bwi\u0119ci\u0142 odnowion\u0105 grot\u0119 z now\u0105 figur\u0105 MB. Dzi\u0119kujemy za wsp\u00f3lnie sp\u0119dzony czas.<\/p>\n\n\n\n<figure class=\"wp-block-gallery has-nested-images columns-default is-cropped wp-block-gallery-1 is-layout-flex wp-block-gallery-is-layout-flex\">\n<figure class=\"wp-block-image size-large\"><img loading=\"lazy\" decoding=\"async\" width=\"1013\" height=\"700\" data-id=\"1037\" src=\"https:\/\/parafia.starachowice.pl\/wp-content\/uploads\/2024\/10\/FB_IMG_1727767550277.jpg\" alt=\"\" class=\"wp-image-1037\" srcset=\"https:\/\/parafia.starachowice.pl\/wp-content\/uploads\/2024\/10\/FB_IMG_1727767550277.jpg 1013w, https:\/\/parafia.starachowice.pl\/wp-content\/uploads\/2024\/10\/FB_IMG_1727767550277-980x677.jpg 980w, https:\/\/parafia.starachowice.pl\/wp-content\/uploads\/2024\/10\/FB_IMG_1727767550277-480x332.jpg 480w\" sizes=\"auto, (min-width: 0px) and (max-width: 480px) 480px, (min-width: 481px) and (max-width: 980px) 980px, (min-width: 981px) 1013px, 100vw\" \/><\/figure>\n<\/figure>\n","protected":false},"excerpt":{"rendered":"<p>W dniu 1 wrze\u015bnia do naszej parafii przyjecha\u0142 Ks. Biskup Marek Solarczyk w ramach wizytacji kanoniczej. Ksi\u0105dz Biskup by\u0142 obecny na Mszach \u015bwi\u0119tych o godz. 8.00, 10.00, 11.15 i 12.30. O godz. 8.00 by\u0142a Msza \u015bwi\u0119ta z udzia\u0142em K\u017bR, o g. 10.00 Do\u017cynki, o g. 11.15 Msza \u015bw. na rozpocz\u0119cie roku szkolnego dla uczni\u00f3w Szko\u0142y [&hellip;]<\/p>\n","protected":false},"author":2,"featured_media":1037,"comment_status":"closed","ping_status":"closed","sticky":false,"template":"","format":"standard","meta":{"_et_pb_use_builder":"off","_et_pb_old_content":"","_et_gb_content_width":"","footnotes":""},"categories":[1],"tags":[],"class_list":["post-1036","post","type-post","status-publish","format-standard","has-post-thumbnail","hentry","category-bez-kategorii"],"_links":{"self":[{"href":"https:\/\/parafia.starachowice.pl\/index.php\/wp-json\/wp\/v2\/posts\/1036","targetHints":{"allow":["GET"]}}],"collection":[{"href":"https:\/\/parafia.starachowice.pl\/index.php\/wp-json\/wp\/v2\/posts"}],"about":[{"href":"https:\/\/parafia.starachowice.pl\/index.php\/wp-json\/wp\/v2\/types\/post"}],"author":[{"embeddable":true,"href":"https:\/\/parafia.starachowice.pl\/index.php\/wp-json\/wp\/v2\/users\/2"}],"replies":[{"embeddable":true,"href":"https:\/\/parafia.starachowice.pl\/index.php\/wp-json\/wp\/v2\/comments?post=1036"}],"version-history":[{"count":1,"href":"https:\/\/parafia.starachowice.pl\/index.php\/wp-json\/wp\/v2\/posts\/1036\/revisions"}],"predecessor-version":[{"id":1038,"href":"https:\/\/parafia.starachowice.pl\/index.php\/wp-json\/wp\/v2\/posts\/1036\/revisions\/1038"}],"wp:featuredmedia":[{"embeddable":true,"href":"https:\/\/parafia.starachowice.pl\/index.php\/wp-json\/wp\/v2\/media\/1037"}],"wp:attachment":[{"href":"https:\/\/parafia.starachowice.pl\/index.php\/wp-json\/wp\/v2\/media?parent=1036"}],"wp:term":[{"taxonomy":"category","embeddable":true,"href":"https:\/\/parafia.starachowice.pl\/index.php\/wp-json\/wp\/v2\/categories?post=1036"},{"taxonomy":"post_tag","embeddable":true,"href":"https:\/\/parafia.starachowice.pl\/index.php\/wp-json\/wp\/v2\/tags?post=1036"}],"curies":[{"name":"wp","href":"https:\/\/api.w.org\/{rel}","templated":true}]}}