{"id":1033,"date":"2024-08-31T09:32:21","date_gmt":"2024-08-31T07:32:21","guid":{"rendered":"https:\/\/parafia.starachowice.pl\/?p=1033"},"modified":"2024-10-01T09:36:23","modified_gmt":"2024-10-01T07:36:23","slug":"wyjazd-na-powakacyjny-dzien-wspolnoty-do-skarzyska","status":"publish","type":"post","link":"https:\/\/parafia.starachowice.pl\/index.php\/2024\/08\/31\/wyjazd-na-powakacyjny-dzien-wspolnoty-do-skarzyska\/","title":{"rendered":"Wyjazd na powakacyjny dzie\u0144 wsp\u00f3lnoty do Skar\u017cyska"},"content":{"rendered":"\n<p>W sierpniow\u0105 sobot\u0119 m\u0142odzie\u017c oazowa z naszej parafii wraz z ks. Filipem uda\u0142a si\u0119 do Skar\u017cyska do Sanktuarium Matki Bo\u017cej Ostrobramskiej na powakacyjny dzie\u0144 wsp\u00f3lnoty. Centralnym punktem spotkania by\u0142a Msza \u015bwi\u0119ta pod przewodnictwem Ksi\u0119dza Biskupa Marka Solarczyka. Ka\u017cdy z uczestnik\u00f3w dnia wsp\u00f3lnoty m\u00f3g\u0142 spotka\u0107 si\u0119 ze znajomymi z kt\u00f3rymi prze\u017cywa\u0142 rekolekcje oazowe.<\/p>\n\n\n\n<figure class=\"wp-block-gallery has-nested-images columns-default is-cropped wp-block-gallery-1 is-layout-flex wp-block-gallery-is-layout-flex\">\n<figure class=\"wp-block-image size-large\"><img loading=\"lazy\" decoding=\"async\" width=\"768\" height=\"1024\" data-id=\"1034\" src=\"https:\/\/parafia.starachowice.pl\/wp-content\/uploads\/2024\/10\/FB_IMG_1727767537663-768x1024.jpg\" alt=\"\" class=\"wp-image-1034\"\/><\/figure>\n<\/figure>\n","protected":false},"excerpt":{"rendered":"<p>W sierpniow\u0105 sobot\u0119 m\u0142odzie\u017c oazowa z naszej parafii wraz z ks. Filipem uda\u0142a si\u0119 do Skar\u017cyska do Sanktuarium Matki Bo\u017cej Ostrobramskiej na powakacyjny dzie\u0144 wsp\u00f3lnoty. Centralnym punktem spotkania by\u0142a Msza \u015bwi\u0119ta pod przewodnictwem Ksi\u0119dza Biskupa Marka Solarczyka. Ka\u017cdy z uczestnik\u00f3w dnia wsp\u00f3lnoty m\u00f3g\u0142 spotka\u0107 si\u0119 ze znajomymi z kt\u00f3rymi prze\u017cywa\u0142 rekolekcje oazowe.<\/p>\n","protected":false},"author":2,"featured_media":1034,"comment_status":"closed","ping_status":"closed","sticky":false,"template":"","format":"standard","meta":{"_et_pb_use_builder":"off","_et_pb_old_content":"","_et_gb_content_width":"","footnotes":""},"categories":[1],"tags":[],"class_list":["post-1033","post","type-post","status-publish","format-standard","has-post-thumbnail","hentry","category-bez-kategorii"],"_links":{"self":[{"href":"https:\/\/parafia.starachowice.pl\/index.php\/wp-json\/wp\/v2\/posts\/1033","targetHints":{"allow":["GET"]}}],"collection":[{"href":"https:\/\/parafia.starachowice.pl\/index.php\/wp-json\/wp\/v2\/posts"}],"about":[{"href":"https:\/\/parafia.starachowice.pl\/index.php\/wp-json\/wp\/v2\/types\/post"}],"author":[{"embeddable":true,"href":"https:\/\/parafia.starachowice.pl\/index.php\/wp-json\/wp\/v2\/users\/2"}],"replies":[{"embeddable":true,"href":"https:\/\/parafia.starachowice.pl\/index.php\/wp-json\/wp\/v2\/comments?post=1033"}],"version-history":[{"count":1,"href":"https:\/\/parafia.starachowice.pl\/index.php\/wp-json\/wp\/v2\/posts\/1033\/revisions"}],"predecessor-version":[{"id":1035,"href":"https:\/\/parafia.starachowice.pl\/index.php\/wp-json\/wp\/v2\/posts\/1033\/revisions\/1035"}],"wp:featuredmedia":[{"embeddable":true,"href":"https:\/\/parafia.starachowice.pl\/index.php\/wp-json\/wp\/v2\/media\/1034"}],"wp:attachment":[{"href":"https:\/\/parafia.starachowice.pl\/index.php\/wp-json\/wp\/v2\/media?parent=1033"}],"wp:term":[{"taxonomy":"category","embeddable":true,"href":"https:\/\/parafia.starachowice.pl\/index.php\/wp-json\/wp\/v2\/categories?post=1033"},{"taxonomy":"post_tag","embeddable":true,"href":"https:\/\/parafia.starachowice.pl\/index.php\/wp-json\/wp\/v2\/tags?post=1033"}],"curies":[{"name":"wp","href":"https:\/\/api.w.org\/{rel}","templated":true}]}}